{"id":3057,"date":"2017-07-07T15:07:46","date_gmt":"2017-07-07T18:07:46","guid":{"rendered":"http:\/\/advocaciapinheiro.adv.br\/?p=3057"},"modified":"2018-12-06T19:56:07","modified_gmt":"2018-12-06T19:56:07","slug":"adriano-martins-pinheiro-entrevistado-uol-noticias","status":"publish","type":"post","link":"https:\/\/advocaciapinheiro.com\/en\/adriano-martins-pinheiro-entrevistado-uol-noticias\/","title":{"rendered":"Adriano Martins Pinheiro foi entrevistado pelo UOL Not\u00edcias, acerca do IPTU em SP"},"content":{"rendered":"<p>Adriano Martins Pinheiro foi entrevistado pelo UOL Not\u00edcias. Confira a entrevista na \u00edntegra. <a href=\"https:\/\/noticias.uol.com.br\/cotidiano\/ultimas-noticias\/2013\/10\/23\/prefeitura-de-sp-nao-sabe-para-onde-vai-mais-da-metade-do-iptu-pago-pelo-contribuinte.htm?mobile&amp;width=600\">CLIQUE AQUI<\/a>:<\/p>\n<p>T\u00edtulo da mat\u00e9ria:<\/p>\n<p>&#8220;<strong>Prefeitura n\u00e3o sabe para onde vai mais da metade do IPTU pago pelo contribuinte&#8221; (publicada no Uol, em 23\/10\/2013, na gest\u00e3o do ent\u00e3o Prefeito Fernando Haddad.<\/strong><\/p>\n<p>A Prefeitura de S\u00e3o Paulo n\u00e3o sabe qual \u00e9 o destino de mais da metade do que o contribuinte paga de IPTU (Imposto Predial e Territorial Urbano). Projeto de reajuste do imposto ser\u00e1 votado nesta quarta-feira (23) na C\u00e2mara de Vereadores.<\/p>\n<p>Preju\u00edzo para o contribuinte Na opini\u00e3o do advogado tributarista Adriano Martins Pinheiro, essa falta de clareza em rela\u00e7\u00e3o \u00e0 aplica\u00e7\u00e3o do IPTU traz preju\u00edzos para a popula\u00e7\u00e3o. &#8220;O contribuinte n\u00e3o tem seguran\u00e7a do que est\u00e1 sendo feito, se \u00e9 que algo de fato est\u00e1 sendo feito&#8221;, afirmou.<\/p>\n<p>&#8220;Se a prefeitura n\u00e3o sabe explicar para onde vai esse dinheiro, quem vai saber?&#8221;, perguntou Pinheiro. Ele afirmou que a falta de uma fiscaliza\u00e7\u00e3o eficiente da aplica\u00e7\u00e3o do imposto prejudica a popula\u00e7\u00e3o.<\/p>\n<p>&#8220;H\u00e1 tentativas, como o Portal da Transpar\u00eancia, mas n\u00e3o existe um sistema eficaz de monitoramento&#8221;, falou.<\/p>\n","protected":false},"excerpt":{"rendered":"<p>Adriano Martins Pinheiro foi entrevistado pelo UOL Not\u00edcias. Confira a entrevista na \u00edntegra. CLIQUE AQUI: T\u00edtulo da mat\u00e9ria: &#8220;Prefeitura n\u00e3o sabe para onde vai mais da metade do IPTU pago pelo contribuinte&#8221; (publicada no Uol, em 23\/10\/2013, na gest\u00e3o do ent\u00e3o Prefeito Fernando Haddad. A Prefeitura de S\u00e3o Paulo n\u00e3o sabe qual \u00e9 o destino [&hellip;]<\/p>\n","protected":false},"author":2,"featured_media":3058,"comment_status":"open","ping_status":"open","sticky":false,"template":"","format":"standard","meta":{"footnotes":""},"categories":[2],"tags":[104,105,106],"class_list":["post-3057","post","type-post","status-publish","format-standard","has-post-thumbnail","hentry","category-posts","tag-adriano-martins-pinheiro-entrevista","tag-adriano-martins-pinheiro-iptu","tag-adriano-martins-pinheiro-uol-noticias"],"yoast_head":"<!-- This site is optimized with the Yoast SEO Premium plugin v23.8 (Yoast SEO v24.1) - https:\/\/yoast.com\/wordpress\/plugins\/seo\/ -->\n<title>Adriano Martins Pinheiro foi entrevistado pelo UOL Not\u00edcias, acerca do IPTU em SP<\/title>\n<meta name=\"description\" content=\"Adriano Martins Pinheiro foi entrevistado pelo UOL Not\u00edcias. Mat\u00e9ria: &quot;Prefeitura n\u00e3o sabe para onde vai mais da metade do IPTU pago pelo contribuinte&quot;.\" \/>\n<meta name=\"robots\" content=\"index, follow, max-snippet:-1, max-image-preview:large, max-video-preview:-1\" \/>\n<link rel=\"canonical\" href=\"https:\/\/advocaciapinheiro.com\/en\/adriano-martins-pinheiro-entrevistado-uol-noticias\/\" \/>\n<meta property=\"og:locale\" content=\"pt_PT\" \/>\n<meta property=\"og:type\" content=\"article\" \/>\n<meta property=\"og:title\" content=\"Adriano Martins Pinheiro foi entrevistado pelo UOL Not\u00edcias, acerca do IPTU em SP\" \/>\n<meta property=\"og:description\" content=\"Adriano Martins Pinheiro foi entrevistado pelo UOL Not\u00edcias. Mat\u00e9ria: &quot;Prefeitura n\u00e3o sabe para onde vai mais da metade do IPTU pago pelo contribuinte&quot;.\" \/>\n<meta property=\"og:url\" content=\"https:\/\/advocaciapinheiro.com\/en\/adriano-martins-pinheiro-entrevistado-uol-noticias\/\" \/>\n<meta property=\"og:site_name\" content=\"Advocacia Portugal | Imigra\u00e7\u00e3o\" \/>\n<meta property=\"article:publisher\" content=\"https:\/\/www.facebook.com\/AdvocaciaAmPinheiro\" \/>\n<meta property=\"article:published_time\" content=\"2017-07-07T18:07:46+00:00\" \/>\n<meta property=\"article:modified_time\" content=\"2018-12-06T19:56:07+00:00\" \/>\n<meta property=\"og:image\" content=\"https:\/\/advocaciapinheiro.com\/en\/wp-content\/uploads\/2017\/07\/adriano-martins-pinheiro-uol-not\u00edcias.jpg\" \/>\n\t<meta property=\"og:image:width\" content=\"960\" \/>\n\t<meta property=\"og:image:height\" content=\"678\" \/>\n\t<meta property=\"og:image:type\" content=\"image\/jpeg\" \/>\n<meta name=\"author\" content=\"Pinheiro\" \/>\n<meta name=\"twitter:card\" content=\"summary_large_image\" \/>\n<meta name=\"twitter:creator\" content=\"@sp_advogado\" \/>\n<meta name=\"twitter:site\" content=\"@sp_advogado\" \/>\n<meta name=\"twitter:label1\" content=\"Escrito por\" \/>\n\t<meta name=\"twitter:data1\" content=\"Pinheiro\" \/>\n\t<meta name=\"twitter:label2\" content=\"Tempo estimado de leitura\" \/>\n\t<meta name=\"twitter:data2\" content=\"1 minuto\" \/>\n<script type=\"application\/ld+json\" class=\"yoast-schema-graph\">{\"@context\":\"https:\/\/schema.org\",\"@graph\":[{\"@type\":\"Article\",\"@id\":\"https:\/\/advocaciapinheiro.com\/en\/adriano-martins-pinheiro-entrevistado-uol-noticias\/#article\",\"isPartOf\":{\"@id\":\"https:\/\/advocaciapinheiro.com\/en\/adriano-martins-pinheiro-entrevistado-uol-noticias\/\"},\"author\":{\"name\":\"Pinheiro\",\"@id\":\"https:\/\/advocaciapinheiro.com\/en\/#\/schema\/person\/b7cd817243740faca399f29054873fb8\"},\"headline\":\"Adriano Martins Pinheiro foi entrevistado pelo UOL Not\u00edcias, acerca do IPTU em SP\",\"datePublished\":\"2017-07-07T18:07:46+00:00\",\"dateModified\":\"2018-12-06T19:56:07+00:00\",\"mainEntityOfPage\":{\"@id\":\"https:\/\/advocaciapinheiro.com\/en\/adriano-martins-pinheiro-entrevistado-uol-noticias\/\"},\"wordCount\":212,\"commentCount\":0,\"publisher\":{\"@id\":\"https:\/\/advocaciapinheiro.com\/en\/#organization\"},\"image\":{\"@id\":\"https:\/\/advocaciapinheiro.com\/en\/adriano-martins-pinheiro-entrevistado-uol-noticias\/#primaryimage\"},\"thumbnailUrl\":\"https:\/\/advocaciapinheiro.com\/en\/wp-content\/uploads\/2017\/07\/adriano-martins-pinheiro-uol-not\u00edcias.jpg\",\"keywords\":[\"adriano martins pinheiro entrevista\",\"adriano martins pinheiro iptu\",\"adriano martins pinheiro uol not\u00edcias\"],\"articleSection\":[\"Posts\"],\"inLanguage\":\"pt-PT\",\"potentialAction\":[{\"@type\":\"CommentAction\",\"name\":\"Comment\",\"target\":[\"https:\/\/advocaciapinheiro.com\/en\/adriano-martins-pinheiro-entrevistado-uol-noticias\/#respond\"]}]},{\"@type\":\"WebPage\",\"@id\":\"https:\/\/advocaciapinheiro.com\/en\/adriano-martins-pinheiro-entrevistado-uol-noticias\/\",\"url\":\"https:\/\/advocaciapinheiro.com\/en\/adriano-martins-pinheiro-entrevistado-uol-noticias\/\",\"name\":\"Adriano Martins Pinheiro foi entrevistado pelo UOL Not\u00edcias, acerca do IPTU em SP\",\"isPartOf\":{\"@id\":\"https:\/\/advocaciapinheiro.com\/en\/#website\"},\"primaryImageOfPage\":{\"@id\":\"https:\/\/advocaciapinheiro.com\/en\/adriano-martins-pinheiro-entrevistado-uol-noticias\/#primaryimage\"},\"image\":{\"@id\":\"https:\/\/advocaciapinheiro.com\/en\/adriano-martins-pinheiro-entrevistado-uol-noticias\/#primaryimage\"},\"thumbnailUrl\":\"https:\/\/advocaciapinheiro.com\/en\/wp-content\/uploads\/2017\/07\/adriano-martins-pinheiro-uol-not\u00edcias.jpg\",\"datePublished\":\"2017-07-07T18:07:46+00:00\",\"dateModified\":\"2018-12-06T19:56:07+00:00\",\"description\":\"Adriano Martins Pinheiro foi entrevistado pelo UOL Not\u00edcias. Mat\u00e9ria: \\\"Prefeitura n\u00e3o sabe para onde vai mais da metade do IPTU pago pelo contribuinte\\\".\",\"breadcrumb\":{\"@id\":\"https:\/\/advocaciapinheiro.com\/en\/adriano-martins-pinheiro-entrevistado-uol-noticias\/#breadcrumb\"},\"inLanguage\":\"pt-PT\",\"potentialAction\":[{\"@type\":\"ReadAction\",\"target\":[\"https:\/\/advocaciapinheiro.com\/en\/adriano-martins-pinheiro-entrevistado-uol-noticias\/\"]}]},{\"@type\":\"ImageObject\",\"inLanguage\":\"pt-PT\",\"@id\":\"https:\/\/advocaciapinheiro.com\/en\/adriano-martins-pinheiro-entrevistado-uol-noticias\/#primaryimage\",\"url\":\"https:\/\/advocaciapinheiro.com\/en\/wp-content\/uploads\/2017\/07\/adriano-martins-pinheiro-uol-not\u00edcias.jpg\",\"contentUrl\":\"https:\/\/advocaciapinheiro.com\/en\/wp-content\/uploads\/2017\/07\/adriano-martins-pinheiro-uol-not\u00edcias.jpg\",\"width\":960,\"height\":678,\"caption\":\"Adriano Martins Pinheiro no UOL Not\u00edcias\"},{\"@type\":\"BreadcrumbList\",\"@id\":\"https:\/\/advocaciapinheiro.com\/en\/adriano-martins-pinheiro-entrevistado-uol-noticias\/#breadcrumb\",\"itemListElement\":[{\"@type\":\"ListItem\",\"position\":1,\"name\":\"In\u00edcio\",\"item\":\"https:\/\/advocaciapinheiro.com\/en\/\"},{\"@type\":\"ListItem\",\"position\":2,\"name\":\"Adriano Martins Pinheiro foi entrevistado pelo UOL Not\u00edcias, acerca do IPTU em SP\"}]},{\"@type\":\"WebSite\",\"@id\":\"https:\/\/advocaciapinheiro.com\/en\/#website\",\"url\":\"https:\/\/advocaciapinheiro.com\/en\/\",\"name\":\"Advocacia Portugal | Imigra\u00e7\u00e3o\",\"description\":\"Advogados | Imigra\u00e7\u00e3o | Portugal\",\"publisher\":{\"@id\":\"https:\/\/advocaciapinheiro.com\/en\/#organization\"},\"potentialAction\":[{\"@type\":\"SearchAction\",\"target\":{\"@type\":\"EntryPoint\",\"urlTemplate\":\"https:\/\/advocaciapinheiro.com\/en\/?s={search_term_string}\"},\"query-input\":{\"@type\":\"PropertyValueSpecification\",\"valueRequired\":true,\"valueName\":\"search_term_string\"}}],\"inLanguage\":\"pt-PT\"},{\"@type\":\"Organization\",\"@id\":\"https:\/\/advocaciapinheiro.com\/en\/#organization\",\"name\":\"Advocacia Portugal | Imigra\u00e7\u00e3o\",\"url\":\"https:\/\/advocaciapinheiro.com\/en\/\",\"logo\":{\"@type\":\"ImageObject\",\"inLanguage\":\"pt-PT\",\"@id\":\"https:\/\/advocaciapinheiro.com\/en\/#\/schema\/logo\/image\/\",\"url\":\"https:\/\/advocaciapinheiro.com\/en\/wp-content\/uploads\/2024\/12\/advogado-cidadani-portugal-adriano-martins-pinheiro-logo.webp\",\"contentUrl\":\"https:\/\/advocaciapinheiro.com\/en\/wp-content\/uploads\/2024\/12\/advogado-cidadani-portugal-adriano-martins-pinheiro-logo.webp\",\"width\":1600,\"height\":568,\"caption\":\"Advocacia Portugal | Imigra\u00e7\u00e3o\"},\"image\":{\"@id\":\"https:\/\/advocaciapinheiro.com\/en\/#\/schema\/logo\/image\/\"},\"sameAs\":[\"https:\/\/www.facebook.com\/AdvocaciaAmPinheiro\",\"https:\/\/x.com\/sp_advogado\",\"https:\/\/www.instagram.com\/advocaciabrasilportugal\/\",\"https:\/\/www.facebook.com\/adrianomartinspinheiroadvocacia\",\"https:\/\/www.youtube.com\/user\/PinheiroLAW\"]},{\"@type\":\"Person\",\"@id\":\"https:\/\/advocaciapinheiro.com\/en\/#\/schema\/person\/b7cd817243740faca399f29054873fb8\",\"name\":\"Pinheiro\",\"image\":{\"@type\":\"ImageObject\",\"inLanguage\":\"pt-PT\",\"@id\":\"https:\/\/advocaciapinheiro.com\/en\/#\/schema\/person\/image\/\",\"url\":\"https:\/\/secure.gravatar.com\/avatar\/f7c804b99a019b968ee9fc812457d64c?s=96&d=mm&r=g\",\"contentUrl\":\"https:\/\/secure.gravatar.com\/avatar\/f7c804b99a019b968ee9fc812457d64c?s=96&d=mm&r=g\",\"caption\":\"Pinheiro\"},\"sameAs\":[\"https:\/\/advocaciapinheiro.com\/en\"],\"url\":\"https:\/\/advocaciapinheiro.com\/en\/author\/pinheiro\/\"}]}<\/script>\n<!-- \/ Yoast SEO Premium plugin. -->","yoast_head_json":{"title":"Adriano Martins Pinheiro foi entrevistado pelo UOL Not\u00edcias, acerca do IPTU em SP","description":"Adriano Martins Pinheiro foi entrevistado pelo UOL Not\u00edcias. Mat\u00e9ria: \"Prefeitura n\u00e3o sabe para onde vai mais da metade do IPTU pago pelo contribuinte\".","robots":{"index":"index","follow":"follow","max-snippet":"max-snippet:-1","max-image-preview":"max-image-preview:large","max-video-preview":"max-video-preview:-1"},"canonical":"https:\/\/advocaciapinheiro.com\/en\/adriano-martins-pinheiro-entrevistado-uol-noticias\/","og_locale":"pt_PT","og_type":"article","og_title":"Adriano Martins Pinheiro foi entrevistado pelo UOL Not\u00edcias, acerca do IPTU em SP","og_description":"Adriano Martins Pinheiro foi entrevistado pelo UOL Not\u00edcias. Mat\u00e9ria: \"Prefeitura n\u00e3o sabe para onde vai mais da metade do IPTU pago pelo contribuinte\".","og_url":"https:\/\/advocaciapinheiro.com\/en\/adriano-martins-pinheiro-entrevistado-uol-noticias\/","og_site_name":"Advocacia Portugal | Imigra\u00e7\u00e3o","article_publisher":"https:\/\/www.facebook.com\/AdvocaciaAmPinheiro","article_published_time":"2017-07-07T18:07:46+00:00","article_modified_time":"2018-12-06T19:56:07+00:00","og_image":[{"width":960,"height":678,"url":"https:\/\/advocaciapinheiro.com\/en\/wp-content\/uploads\/2017\/07\/adriano-martins-pinheiro-uol-not\u00edcias.jpg","type":"image\/jpeg"}],"author":"Pinheiro","twitter_card":"summary_large_image","twitter_creator":"@sp_advogado","twitter_site":"@sp_advogado","twitter_misc":{"Escrito por":"Pinheiro","Tempo estimado de leitura":"1 minuto"},"schema":{"@context":"https:\/\/schema.org","@graph":[{"@type":"Article","@id":"https:\/\/advocaciapinheiro.com\/en\/adriano-martins-pinheiro-entrevistado-uol-noticias\/#article","isPartOf":{"@id":"https:\/\/advocaciapinheiro.com\/en\/adriano-martins-pinheiro-entrevistado-uol-noticias\/"},"author":{"name":"Pinheiro","@id":"https:\/\/advocaciapinheiro.com\/en\/#\/schema\/person\/b7cd817243740faca399f29054873fb8"},"headline":"Adriano Martins Pinheiro foi entrevistado pelo UOL Not\u00edcias, acerca do IPTU em SP","datePublished":"2017-07-07T18:07:46+00:00","dateModified":"2018-12-06T19:56:07+00:00","mainEntityOfPage":{"@id":"https:\/\/advocaciapinheiro.com\/en\/adriano-martins-pinheiro-entrevistado-uol-noticias\/"},"wordCount":212,"commentCount":0,"publisher":{"@id":"https:\/\/advocaciapinheiro.com\/en\/#organization"},"image":{"@id":"https:\/\/advocaciapinheiro.com\/en\/adriano-martins-pinheiro-entrevistado-uol-noticias\/#primaryimage"},"thumbnailUrl":"https:\/\/advocaciapinheiro.com\/en\/wp-content\/uploads\/2017\/07\/adriano-martins-pinheiro-uol-not\u00edcias.jpg","keywords":["adriano martins pinheiro entrevista","adriano martins pinheiro iptu","adriano martins pinheiro uol not\u00edcias"],"articleSection":["Posts"],"inLanguage":"pt-PT","potentialAction":[{"@type":"CommentAction","name":"Comment","target":["https:\/\/advocaciapinheiro.com\/en\/adriano-martins-pinheiro-entrevistado-uol-noticias\/#respond"]}]},{"@type":"WebPage","@id":"https:\/\/advocaciapinheiro.com\/en\/adriano-martins-pinheiro-entrevistado-uol-noticias\/","url":"https:\/\/advocaciapinheiro.com\/en\/adriano-martins-pinheiro-entrevistado-uol-noticias\/","name":"Adriano Martins Pinheiro foi entrevistado pelo UOL Not\u00edcias, acerca do IPTU em SP","isPartOf":{"@id":"https:\/\/advocaciapinheiro.com\/en\/#website"},"primaryImageOfPage":{"@id":"https:\/\/advocaciapinheiro.com\/en\/adriano-martins-pinheiro-entrevistado-uol-noticias\/#primaryimage"},"image":{"@id":"https:\/\/advocaciapinheiro.com\/en\/adriano-martins-pinheiro-entrevistado-uol-noticias\/#primaryimage"},"thumbnailUrl":"https:\/\/advocaciapinheiro.com\/en\/wp-content\/uploads\/2017\/07\/adriano-martins-pinheiro-uol-not\u00edcias.jpg","datePublished":"2017-07-07T18:07:46+00:00","dateModified":"2018-12-06T19:56:07+00:00","description":"Adriano Martins Pinheiro foi entrevistado pelo UOL Not\u00edcias. Mat\u00e9ria: \"Prefeitura n\u00e3o sabe para onde vai mais da metade do IPTU pago pelo contribuinte\".","breadcrumb":{"@id":"https:\/\/advocaciapinheiro.com\/en\/adriano-martins-pinheiro-entrevistado-uol-noticias\/#breadcrumb"},"inLanguage":"pt-PT","potentialAction":[{"@type":"ReadAction","target":["https:\/\/advocaciapinheiro.com\/en\/adriano-martins-pinheiro-entrevistado-uol-noticias\/"]}]},{"@type":"ImageObject","inLanguage":"pt-PT","@id":"https:\/\/advocaciapinheiro.com\/en\/adriano-martins-pinheiro-entrevistado-uol-noticias\/#primaryimage","url":"https:\/\/advocaciapinheiro.com\/en\/wp-content\/uploads\/2017\/07\/adriano-martins-pinheiro-uol-not\u00edcias.jpg","contentUrl":"https:\/\/advocaciapinheiro.com\/en\/wp-content\/uploads\/2017\/07\/adriano-martins-pinheiro-uol-not\u00edcias.jpg","width":960,"height":678,"caption":"Adriano Martins Pinheiro no UOL Not\u00edcias"},{"@type":"BreadcrumbList","@id":"https:\/\/advocaciapinheiro.com\/en\/adriano-martins-pinheiro-entrevistado-uol-noticias\/#breadcrumb","itemListElement":[{"@type":"ListItem","position":1,"name":"In\u00edcio","item":"https:\/\/advocaciapinheiro.com\/en\/"},{"@type":"ListItem","position":2,"name":"Adriano Martins Pinheiro foi entrevistado pelo UOL Not\u00edcias, acerca do IPTU em SP"}]},{"@type":"WebSite","@id":"https:\/\/advocaciapinheiro.com\/en\/#website","url":"https:\/\/advocaciapinheiro.com\/en\/","name":"Advocacia Portugal | Imigra\u00e7\u00e3o","description":"Advogados | Imigra\u00e7\u00e3o | Portugal","publisher":{"@id":"https:\/\/advocaciapinheiro.com\/en\/#organization"},"potentialAction":[{"@type":"SearchAction","target":{"@type":"EntryPoint","urlTemplate":"https:\/\/advocaciapinheiro.com\/en\/?s={search_term_string}"},"query-input":{"@type":"PropertyValueSpecification","valueRequired":true,"valueName":"search_term_string"}}],"inLanguage":"pt-PT"},{"@type":"Organization","@id":"https:\/\/advocaciapinheiro.com\/en\/#organization","name":"Advocacia Portugal | Imigra\u00e7\u00e3o","url":"https:\/\/advocaciapinheiro.com\/en\/","logo":{"@type":"ImageObject","inLanguage":"pt-PT","@id":"https:\/\/advocaciapinheiro.com\/en\/#\/schema\/logo\/image\/","url":"https:\/\/advocaciapinheiro.com\/en\/wp-content\/uploads\/2024\/12\/advogado-cidadani-portugal-adriano-martins-pinheiro-logo.webp","contentUrl":"https:\/\/advocaciapinheiro.com\/en\/wp-content\/uploads\/2024\/12\/advogado-cidadani-portugal-adriano-martins-pinheiro-logo.webp","width":1600,"height":568,"caption":"Advocacia Portugal | Imigra\u00e7\u00e3o"},"image":{"@id":"https:\/\/advocaciapinheiro.com\/en\/#\/schema\/logo\/image\/"},"sameAs":["https:\/\/www.facebook.com\/AdvocaciaAmPinheiro","https:\/\/x.com\/sp_advogado","https:\/\/www.instagram.com\/advocaciabrasilportugal\/","https:\/\/www.facebook.com\/adrianomartinspinheiroadvocacia","https:\/\/www.youtube.com\/user\/PinheiroLAW"]},{"@type":"Person","@id":"https:\/\/advocaciapinheiro.com\/en\/#\/schema\/person\/b7cd817243740faca399f29054873fb8","name":"Pinheiro","image":{"@type":"ImageObject","inLanguage":"pt-PT","@id":"https:\/\/advocaciapinheiro.com\/en\/#\/schema\/person\/image\/","url":"https:\/\/secure.gravatar.com\/avatar\/f7c804b99a019b968ee9fc812457d64c?s=96&d=mm&r=g","contentUrl":"https:\/\/secure.gravatar.com\/avatar\/f7c804b99a019b968ee9fc812457d64c?s=96&d=mm&r=g","caption":"Pinheiro"},"sameAs":["https:\/\/advocaciapinheiro.com\/en"],"url":"https:\/\/advocaciapinheiro.com\/en\/author\/pinheiro\/"}]}},"_links":{"self":[{"href":"https:\/\/advocaciapinheiro.com\/en\/wp-json\/wp\/v2\/posts\/3057","targetHints":{"allow":["GET"]}}],"collection":[{"href":"https:\/\/advocaciapinheiro.com\/en\/wp-json\/wp\/v2\/posts"}],"about":[{"href":"https:\/\/advocaciapinheiro.com\/en\/wp-json\/wp\/v2\/types\/post"}],"author":[{"embeddable":true,"href":"https:\/\/advocaciapinheiro.com\/en\/wp-json\/wp\/v2\/users\/2"}],"replies":[{"embeddable":true,"href":"https:\/\/advocaciapinheiro.com\/en\/wp-json\/wp\/v2\/comments?post=3057"}],"version-history":[{"count":1,"href":"https:\/\/advocaciapinheiro.com\/en\/wp-json\/wp\/v2\/posts\/3057\/revisions"}],"predecessor-version":[{"id":4519,"href":"https:\/\/advocaciapinheiro.com\/en\/wp-json\/wp\/v2\/posts\/3057\/revisions\/4519"}],"wp:featuredmedia":[{"embeddable":true,"href":"https:\/\/advocaciapinheiro.com\/en\/wp-json\/wp\/v2\/media\/3058"}],"wp:attachment":[{"href":"https:\/\/advocaciapinheiro.com\/en\/wp-json\/wp\/v2\/media?parent=3057"}],"wp:term":[{"taxonomy":"category","embeddable":true,"href":"https:\/\/advocaciapinheiro.com\/en\/wp-json\/wp\/v2\/categories?post=3057"},{"taxonomy":"post_tag","embeddable":true,"href":"https:\/\/advocaciapinheiro.com\/en\/wp-json\/wp\/v2\/tags?post=3057"}],"curies":[{"name":"wp","href":"https:\/\/api.w.org\/{rel}","templated":true}]}}