{"id":3063,"date":"2017-07-07T15:56:00","date_gmt":"2017-07-07T18:56:00","guid":{"rendered":"http:\/\/advocaciapinheiro.adv.br\/?p=3063"},"modified":"2018-12-06T19:56:07","modified_gmt":"2018-12-06T19:56:07","slug":"3063-2","status":"publish","type":"post","link":"https:\/\/advocaciapinheiro.com\/en\/3063-2\/","title":{"rendered":"Artigo de Adriano Martins Pinheiro publicado no Tribunal Superior do Trabalho (TST)."},"content":{"rendered":"<p>Artigo de Adriano Martins Pinheiro publicado no Tribunal Superior do Trabalho (TST).<\/p>\n<blockquote><p>Trecho do artigo abaixo:<\/p>\n<p>Atribui-se a origem da Equipara\u00e7\u00e3o Salarial ao Tratado de Versailles. Onde se divulgou o princ\u00edpio \u201ctrabalho id\u00eantico, id\u00eantico o sal\u00e1rio\u201d, ou seja, &#8220;sal\u00e1rio igual, para trabalho igual&#8221;.<\/p>\n<p>A declara\u00e7\u00e3o universal dos direitos do homem, editada em 1948, em seu artigo 23, estabelecia que &#8220;<em>toda pessoa tem direito, sem nenhuma discrimina\u00e7\u00e3o, a um sal\u00e1rio igual para um trabalho igual<\/em>&#8220;.<\/p>\n<p>Por sua vez, o Art. 7\u00ba, inciso XXX, rege: \u201cS\u00e3o direitos dos trabalhadores urbanos e rurais, al\u00e9m de outros que visem \u00e0 melhoria de sua condi\u00e7\u00e3o social: proibi\u00e7\u00e3o de diferen\u00e7a de sal\u00e1rios, de exerc\u00edcio de fun\u00e7\u00f5es e de crit\u00e9rio de admiss\u00e3o por motivo de sexo, idade, cor ou estado civil\u201d.<\/p>\n<p>Para o pedido de equipara\u00e7\u00e3o \u00e9 imprescind\u00edvel a indica\u00e7\u00e3o do paradigma na peti\u00e7\u00e3o inicial. O termo paradigma \u00e9 oriundo do grego \u201cpar\u00e1deigma\u201d e significa modelo; \u00e9 a representa\u00e7\u00e3o de um padr\u00e3o a ser seguido.<\/p><\/blockquote>\n<p>Refer\u00eancias:<\/p>\n<p><strong>CLT<\/strong><\/p>\n<blockquote><p><strong>Art. 461<\/strong> &#8211; Sendo id\u00eantica a fun\u00e7\u00e3o, a todo trabalho de igual valor, prestado ao mesmo empregador, na mesma localidade, corresponder\u00e1 igual sal\u00e1rio, sem distin\u00e7\u00e3o de sexo, nacionalidade ou idade.<\/p>\n<p>\u00a7 1\u00ba &#8211; Trabalho de igual valor, para os fins deste Cap\u00edtulo, ser\u00e1 o que for feito com igual produtividade e com a mesma perfei\u00e7\u00e3o t\u00e9cnica, entre pessoas cuja diferen\u00e7a de tempo de servi\u00e7o n\u00e3o for superior a 2 (dois) anos.<\/p>\n<p>\u00a7 2\u00ba &#8211; Os dispositivos deste artigo n\u00e3o prevalecer\u00e3o quando o empregador tiver pessoal organizado em quadro de carreira, hip\u00f3tese em que as promo\u00e7\u00f5es dever\u00e3o obedecer aos crit\u00e9rios de antig\u00fcidade e merecimento.<\/p>\n<p>\u00a7 3\u00ba &#8211; No caso do par\u00e1grafo anterior, as promo\u00e7\u00f5es dever\u00e3o ser feitas alternadamente por merecimento e por anting\u00fcidade, dentro de cada categoria profissional.<\/p>\n<p>\u00a7 4\u00ba &#8211; O trabalhador readaptado em nova fun\u00e7\u00e3o por motivo de defici\u00eancia f\u00edsica ou mental atestada pelo \u00f3rg\u00e3o competente da Previd\u00eancia Social n\u00e3o servir\u00e1 de paradigma para fins de equipara\u00e7\u00e3o salarial.<\/p><\/blockquote>\n<p><strong>S\u00daMULA 6, do TST<\/strong><\/p>\n<blockquote><p>I &#8211; Para os fins previstos no \u00a7 2\u00ba do art. 461 da CLT, s\u00f3 \u00e9 v\u00e1lido o quadro de pessoal organizado em carreira quando homologado pelo Minist\u00e9rio do Trabalho, excluindo-se, apenas, dessa exig\u00eancia o quadro de carreira das entidades de direito p\u00fablico da administra\u00e7\u00e3o direta, aut\u00e1rquica e fundacional aprovado por ato administrativo da autoridade competente.<\/p>\n<p>II &#8211; Para efeito de equipara\u00e7\u00e3o de sal\u00e1rios em caso de trabalho igual, conta-se o tempo de servi\u00e7o na fun\u00e7\u00e3o e n\u00e3o no emprego.<\/p>\n<p>III &#8211; A equipara\u00e7\u00e3o salarial s\u00f3 \u00e9 poss\u00edvel se o empregado e o paradigma exercerem a mesma fun\u00e7\u00e3o, desempenhando as mesmas tarefas, n\u00e3o importando se os cargos t\u00eam, ou n\u00e3o, a mesma denomina\u00e7\u00e3o.<\/p>\n<p>IV &#8211; \u00c9 desnecess\u00e1rio que, ao tempo da reclama\u00e7\u00e3o sobre equipara\u00e7\u00e3o salarial, reclamante e paradigma estejam a servi\u00e7o do estabelecimento, desde que o pedido se relacione com situa\u00e7\u00e3o pret\u00e9rita.<\/p>\n<p>V &#8211; A cess\u00e3o de empregados n\u00e3o exclui a equipara\u00e7\u00e3o salarial, embora exercida a fun\u00e7\u00e3o em \u00f3rg\u00e3o governamental estranho \u00e0 cedente, se esta responde pelos sal\u00e1rios do paradigma e do reclamante.<\/p>\n<p>VI &#8211; Presentes os pressupostos do art. 461 da CLT, \u00e9 irrelevante a circunst\u00e2ncia de que o desn\u00edvel salarial tenha origem em decis\u00e3o judicial que beneficiou o paradigma, exceto: a) se decorrente de vantagem pessoal ou de tese jur\u00eddica superada pela jurisprud\u00eancia de Corte Superior; b) na hip\u00f3tese de equipara\u00e7\u00e3o salarial em cadeia, suscitada em defesa, se o empregador produzir prova do alegado fato modificativo, impeditivo ou extintivo do direito \u00e0 equipara\u00e7\u00e3o salarial em rela\u00e7\u00e3o ao paradigma remoto, considerada irrelevante, para esse efeito, a exist\u00eancia de diferen\u00e7a de tempo de servi\u00e7o na fun\u00e7\u00e3o superior a dois anos entre o reclamante e os empregados paradigmas componentes da cadeia equiparat\u00f3ria, \u00e0 exce\u00e7\u00e3o do paradigma imediato.<\/p>\n<p>VII &#8211; Desde que atendidos os requisitos do art. 461 da CLT, \u00e9 poss\u00edvel a equipara\u00e7\u00e3o salarial de trabalho intelectual, que pode ser avaliado por sua perfei\u00e7\u00e3o t\u00e9cnica, cuja aferi\u00e7\u00e3o ter\u00e1 crit\u00e9rios objetivos.<\/p>\n<p>VIII &#8211; \u00c9 do empregador o \u00f4nus da prova do fato impeditivo, modificativo ou extintivo da equipara\u00e7\u00e3o salarial.<\/p>\n<p>IX &#8211; Na a\u00e7\u00e3o de equipara\u00e7\u00e3o salarial, a prescri\u00e7\u00e3o \u00e9 parcial e s\u00f3 alcan\u00e7a as diferen\u00e7as salariais vencidas no per\u00edodo de 5 (cinco) anos que precedeu o ajuizamento.<\/p>\n<p>X &#8211; O conceito de &#8220;mesma localidade&#8221; de que trata o art. 461 da CLT refere-se, em princ\u00edpio, ao mesmo munic\u00edpio, ou a munic\u00edpios distintos que, comprovadamente, perten\u00e7am \u00e0 mesma regi\u00e3o metropolitana.&#8221;<\/p><\/blockquote>\n","protected":false},"excerpt":{"rendered":"<p>Artigo de Adriano Martins Pinheiro publicado no Tribunal Superior do Trabalho (TST). Trecho do artigo abaixo: Atribui-se a origem da Equipara\u00e7\u00e3o Salarial ao Tratado de Versailles. Onde se divulgou o princ\u00edpio \u201ctrabalho id\u00eantico, id\u00eantico o sal\u00e1rio\u201d, ou seja, &#8220;sal\u00e1rio igual, para trabalho igual&#8221;. A declara\u00e7\u00e3o universal dos direitos do homem, editada em 1948, em seu [&hellip;]<\/p>\n","protected":false},"author":2,"featured_media":3064,"comment_status":"open","ping_status":"open","sticky":false,"template":"","format":"standard","meta":{"footnotes":""},"categories":[2],"tags":[111,112,113],"class_list":["post-3063","post","type-post","status-publish","format-standard","has-post-thumbnail","hentry","category-posts","tag-adriano-m-pinheiro-tribunal-superior-do-trabalho","tag-adriano-m-pinheiro-tst","tag-adriano-martins-pinheiro-equiparacao-salarial"],"yoast_head":"<!-- This site is optimized with the Yoast SEO Premium plugin v23.8 (Yoast SEO v24.1) - https:\/\/yoast.com\/wordpress\/plugins\/seo\/ -->\n<title>Artigo de Adriano Martins Pinheiro publicado no Tribunal Superior do Trabalho (TST). - Advocacia Portugal | Imigra\u00e7\u00e3o<\/title>\n<meta name=\"robots\" content=\"index, follow, max-snippet:-1, max-image-preview:large, max-video-preview:-1\" \/>\n<link rel=\"canonical\" href=\"https:\/\/advocaciapinheiro.com\/en\/3063-2\/\" \/>\n<meta property=\"og:locale\" content=\"pt_PT\" \/>\n<meta property=\"og:type\" content=\"article\" \/>\n<meta property=\"og:title\" content=\"Artigo de Adriano Martins Pinheiro publicado no Tribunal Superior do Trabalho (TST).\" \/>\n<meta property=\"og:description\" content=\"Artigo de Adriano Martins Pinheiro publicado no Tribunal Superior do Trabalho (TST). Trecho do artigo abaixo: Atribui-se a origem da Equipara\u00e7\u00e3o Salarial ao Tratado de Versailles. Onde se divulgou o princ\u00edpio \u201ctrabalho id\u00eantico, id\u00eantico o sal\u00e1rio\u201d, ou seja, &#8220;sal\u00e1rio igual, para trabalho igual&#8221;. A declara\u00e7\u00e3o universal dos direitos do homem, editada em 1948, em seu [&hellip;]\" \/>\n<meta property=\"og:url\" content=\"https:\/\/advocaciapinheiro.com\/en\/3063-2\/\" \/>\n<meta property=\"og:site_name\" content=\"Advocacia Portugal | Imigra\u00e7\u00e3o\" \/>\n<meta property=\"article:publisher\" content=\"https:\/\/www.facebook.com\/AdvocaciaAmPinheiro\" \/>\n<meta property=\"article:published_time\" content=\"2017-07-07T18:56:00+00:00\" \/>\n<meta property=\"article:modified_time\" content=\"2018-12-06T19:56:07+00:00\" \/>\n<meta property=\"og:image\" content=\"https:\/\/advocaciapinheiro.com\/en\/wp-content\/uploads\/2017\/07\/adriano-m-pinheiro-tribunal-superior-do-trabalho.png\" \/>\n\t<meta property=\"og:image:width\" content=\"668\" \/>\n\t<meta property=\"og:image:height\" content=\"438\" \/>\n\t<meta property=\"og:image:type\" content=\"image\/png\" \/>\n<meta name=\"author\" content=\"Pinheiro\" \/>\n<meta name=\"twitter:card\" content=\"summary_large_image\" \/>\n<meta name=\"twitter:creator\" content=\"@sp_advogado\" \/>\n<meta name=\"twitter:site\" content=\"@sp_advogado\" \/>\n<meta name=\"twitter:label1\" content=\"Escrito por\" \/>\n\t<meta name=\"twitter:data1\" content=\"Pinheiro\" \/>\n\t<meta name=\"twitter:label2\" content=\"Tempo estimado de leitura\" \/>\n\t<meta name=\"twitter:data2\" content=\"4 minutos\" \/>\n<script type=\"application\/ld+json\" class=\"yoast-schema-graph\">{\"@context\":\"https:\/\/schema.org\",\"@graph\":[{\"@type\":\"Article\",\"@id\":\"https:\/\/advocaciapinheiro.com\/en\/3063-2\/#article\",\"isPartOf\":{\"@id\":\"https:\/\/advocaciapinheiro.com\/en\/3063-2\/\"},\"author\":{\"name\":\"Pinheiro\",\"@id\":\"https:\/\/advocaciapinheiro.com\/en\/#\/schema\/person\/b7cd817243740faca399f29054873fb8\"},\"headline\":\"Artigo de Adriano Martins Pinheiro publicado no Tribunal Superior do Trabalho (TST).\",\"datePublished\":\"2017-07-07T18:56:00+00:00\",\"dateModified\":\"2018-12-06T19:56:07+00:00\",\"mainEntityOfPage\":{\"@id\":\"https:\/\/advocaciapinheiro.com\/en\/3063-2\/\"},\"wordCount\":815,\"commentCount\":0,\"publisher\":{\"@id\":\"https:\/\/advocaciapinheiro.com\/en\/#organization\"},\"image\":{\"@id\":\"https:\/\/advocaciapinheiro.com\/en\/3063-2\/#primaryimage\"},\"thumbnailUrl\":\"https:\/\/advocaciapinheiro.com\/en\/wp-content\/uploads\/2017\/07\/adriano-m-pinheiro-tribunal-superior-do-trabalho.png\",\"keywords\":[\"adriano m pinheiro tribunal superior do trabalho\",\"adriano m pinheiro tst\",\"adriano martins pinheiro equipara\u00e7\u00e3o salarial\"],\"articleSection\":[\"Posts\"],\"inLanguage\":\"pt-PT\",\"potentialAction\":[{\"@type\":\"CommentAction\",\"name\":\"Comment\",\"target\":[\"https:\/\/advocaciapinheiro.com\/en\/3063-2\/#respond\"]}]},{\"@type\":\"WebPage\",\"@id\":\"https:\/\/advocaciapinheiro.com\/en\/3063-2\/\",\"url\":\"https:\/\/advocaciapinheiro.com\/en\/3063-2\/\",\"name\":\"Artigo de Adriano Martins Pinheiro publicado no Tribunal Superior do Trabalho (TST). - Advocacia Portugal | Imigra\u00e7\u00e3o\",\"isPartOf\":{\"@id\":\"https:\/\/advocaciapinheiro.com\/en\/#website\"},\"primaryImageOfPage\":{\"@id\":\"https:\/\/advocaciapinheiro.com\/en\/3063-2\/#primaryimage\"},\"image\":{\"@id\":\"https:\/\/advocaciapinheiro.com\/en\/3063-2\/#primaryimage\"},\"thumbnailUrl\":\"https:\/\/advocaciapinheiro.com\/en\/wp-content\/uploads\/2017\/07\/adriano-m-pinheiro-tribunal-superior-do-trabalho.png\",\"datePublished\":\"2017-07-07T18:56:00+00:00\",\"dateModified\":\"2018-12-06T19:56:07+00:00\",\"breadcrumb\":{\"@id\":\"https:\/\/advocaciapinheiro.com\/en\/3063-2\/#breadcrumb\"},\"inLanguage\":\"pt-PT\",\"potentialAction\":[{\"@type\":\"ReadAction\",\"target\":[\"https:\/\/advocaciapinheiro.com\/en\/3063-2\/\"]}]},{\"@type\":\"ImageObject\",\"inLanguage\":\"pt-PT\",\"@id\":\"https:\/\/advocaciapinheiro.com\/en\/3063-2\/#primaryimage\",\"url\":\"https:\/\/advocaciapinheiro.com\/en\/wp-content\/uploads\/2017\/07\/adriano-m-pinheiro-tribunal-superior-do-trabalho.png\",\"contentUrl\":\"https:\/\/advocaciapinheiro.com\/en\/wp-content\/uploads\/2017\/07\/adriano-m-pinheiro-tribunal-superior-do-trabalho.png\",\"width\":668,\"height\":438,\"caption\":\"Adriano Martins Pinheiro no Tribunal Superior do Trabalho - TST\"},{\"@type\":\"BreadcrumbList\",\"@id\":\"https:\/\/advocaciapinheiro.com\/en\/3063-2\/#breadcrumb\",\"itemListElement\":[{\"@type\":\"ListItem\",\"position\":1,\"name\":\"In\u00edcio\",\"item\":\"https:\/\/advocaciapinheiro.com\/en\/\"},{\"@type\":\"ListItem\",\"position\":2,\"name\":\"Artigo de Adriano Martins Pinheiro publicado no Tribunal Superior do Trabalho (TST).\"}]},{\"@type\":\"WebSite\",\"@id\":\"https:\/\/advocaciapinheiro.com\/en\/#website\",\"url\":\"https:\/\/advocaciapinheiro.com\/en\/\",\"name\":\"Advocacia Portugal | Imigra\u00e7\u00e3o\",\"description\":\"Advogados | Imigra\u00e7\u00e3o | Portugal\",\"publisher\":{\"@id\":\"https:\/\/advocaciapinheiro.com\/en\/#organization\"},\"potentialAction\":[{\"@type\":\"SearchAction\",\"target\":{\"@type\":\"EntryPoint\",\"urlTemplate\":\"https:\/\/advocaciapinheiro.com\/en\/?s={search_term_string}\"},\"query-input\":{\"@type\":\"PropertyValueSpecification\",\"valueRequired\":true,\"valueName\":\"search_term_string\"}}],\"inLanguage\":\"pt-PT\"},{\"@type\":\"Organization\",\"@id\":\"https:\/\/advocaciapinheiro.com\/en\/#organization\",\"name\":\"Advocacia Portugal | Imigra\u00e7\u00e3o\",\"url\":\"https:\/\/advocaciapinheiro.com\/en\/\",\"logo\":{\"@type\":\"ImageObject\",\"inLanguage\":\"pt-PT\",\"@id\":\"https:\/\/advocaciapinheiro.com\/en\/#\/schema\/logo\/image\/\",\"url\":\"https:\/\/advocaciapinheiro.com\/en\/wp-content\/uploads\/2024\/12\/advogado-cidadani-portugal-adriano-martins-pinheiro-logo.webp\",\"contentUrl\":\"https:\/\/advocaciapinheiro.com\/en\/wp-content\/uploads\/2024\/12\/advogado-cidadani-portugal-adriano-martins-pinheiro-logo.webp\",\"width\":1600,\"height\":568,\"caption\":\"Advocacia Portugal | Imigra\u00e7\u00e3o\"},\"image\":{\"@id\":\"https:\/\/advocaciapinheiro.com\/en\/#\/schema\/logo\/image\/\"},\"sameAs\":[\"https:\/\/www.facebook.com\/AdvocaciaAmPinheiro\",\"https:\/\/x.com\/sp_advogado\",\"https:\/\/www.instagram.com\/advocaciabrasilportugal\/\",\"https:\/\/www.facebook.com\/adrianomartinspinheiroadvocacia\",\"https:\/\/www.youtube.com\/user\/PinheiroLAW\"]},{\"@type\":\"Person\",\"@id\":\"https:\/\/advocaciapinheiro.com\/en\/#\/schema\/person\/b7cd817243740faca399f29054873fb8\",\"name\":\"Pinheiro\",\"image\":{\"@type\":\"ImageObject\",\"inLanguage\":\"pt-PT\",\"@id\":\"https:\/\/advocaciapinheiro.com\/en\/#\/schema\/person\/image\/\",\"url\":\"https:\/\/secure.gravatar.com\/avatar\/f7c804b99a019b968ee9fc812457d64c?s=96&d=mm&r=g\",\"contentUrl\":\"https:\/\/secure.gravatar.com\/avatar\/f7c804b99a019b968ee9fc812457d64c?s=96&d=mm&r=g\",\"caption\":\"Pinheiro\"},\"sameAs\":[\"https:\/\/advocaciapinheiro.com\/en\"],\"url\":\"https:\/\/advocaciapinheiro.com\/en\/author\/pinheiro\/\"}]}<\/script>\n<!-- \/ Yoast SEO Premium plugin. -->","yoast_head_json":{"title":"Artigo de Adriano Martins Pinheiro publicado no Tribunal Superior do Trabalho (TST). - Advocacia Portugal | Imigra\u00e7\u00e3o","robots":{"index":"index","follow":"follow","max-snippet":"max-snippet:-1","max-image-preview":"max-image-preview:large","max-video-preview":"max-video-preview:-1"},"canonical":"https:\/\/advocaciapinheiro.com\/en\/3063-2\/","og_locale":"pt_PT","og_type":"article","og_title":"Artigo de Adriano Martins Pinheiro publicado no Tribunal Superior do Trabalho (TST).","og_description":"Artigo de Adriano Martins Pinheiro publicado no Tribunal Superior do Trabalho (TST). Trecho do artigo abaixo: Atribui-se a origem da Equipara\u00e7\u00e3o Salarial ao Tratado de Versailles. Onde se divulgou o princ\u00edpio \u201ctrabalho id\u00eantico, id\u00eantico o sal\u00e1rio\u201d, ou seja, &#8220;sal\u00e1rio igual, para trabalho igual&#8221;. A declara\u00e7\u00e3o universal dos direitos do homem, editada em 1948, em seu [&hellip;]","og_url":"https:\/\/advocaciapinheiro.com\/en\/3063-2\/","og_site_name":"Advocacia Portugal | Imigra\u00e7\u00e3o","article_publisher":"https:\/\/www.facebook.com\/AdvocaciaAmPinheiro","article_published_time":"2017-07-07T18:56:00+00:00","article_modified_time":"2018-12-06T19:56:07+00:00","og_image":[{"width":668,"height":438,"url":"https:\/\/advocaciapinheiro.com\/en\/wp-content\/uploads\/2017\/07\/adriano-m-pinheiro-tribunal-superior-do-trabalho.png","type":"image\/png"}],"author":"Pinheiro","twitter_card":"summary_large_image","twitter_creator":"@sp_advogado","twitter_site":"@sp_advogado","twitter_misc":{"Escrito por":"Pinheiro","Tempo estimado de leitura":"4 minutos"},"schema":{"@context":"https:\/\/schema.org","@graph":[{"@type":"Article","@id":"https:\/\/advocaciapinheiro.com\/en\/3063-2\/#article","isPartOf":{"@id":"https:\/\/advocaciapinheiro.com\/en\/3063-2\/"},"author":{"name":"Pinheiro","@id":"https:\/\/advocaciapinheiro.com\/en\/#\/schema\/person\/b7cd817243740faca399f29054873fb8"},"headline":"Artigo de Adriano Martins Pinheiro publicado no Tribunal Superior do Trabalho (TST).","datePublished":"2017-07-07T18:56:00+00:00","dateModified":"2018-12-06T19:56:07+00:00","mainEntityOfPage":{"@id":"https:\/\/advocaciapinheiro.com\/en\/3063-2\/"},"wordCount":815,"commentCount":0,"publisher":{"@id":"https:\/\/advocaciapinheiro.com\/en\/#organization"},"image":{"@id":"https:\/\/advocaciapinheiro.com\/en\/3063-2\/#primaryimage"},"thumbnailUrl":"https:\/\/advocaciapinheiro.com\/en\/wp-content\/uploads\/2017\/07\/adriano-m-pinheiro-tribunal-superior-do-trabalho.png","keywords":["adriano m pinheiro tribunal superior do trabalho","adriano m pinheiro tst","adriano martins pinheiro equipara\u00e7\u00e3o salarial"],"articleSection":["Posts"],"inLanguage":"pt-PT","potentialAction":[{"@type":"CommentAction","name":"Comment","target":["https:\/\/advocaciapinheiro.com\/en\/3063-2\/#respond"]}]},{"@type":"WebPage","@id":"https:\/\/advocaciapinheiro.com\/en\/3063-2\/","url":"https:\/\/advocaciapinheiro.com\/en\/3063-2\/","name":"Artigo de Adriano Martins Pinheiro publicado no Tribunal Superior do Trabalho (TST). - Advocacia Portugal | Imigra\u00e7\u00e3o","isPartOf":{"@id":"https:\/\/advocaciapinheiro.com\/en\/#website"},"primaryImageOfPage":{"@id":"https:\/\/advocaciapinheiro.com\/en\/3063-2\/#primaryimage"},"image":{"@id":"https:\/\/advocaciapinheiro.com\/en\/3063-2\/#primaryimage"},"thumbnailUrl":"https:\/\/advocaciapinheiro.com\/en\/wp-content\/uploads\/2017\/07\/adriano-m-pinheiro-tribunal-superior-do-trabalho.png","datePublished":"2017-07-07T18:56:00+00:00","dateModified":"2018-12-06T19:56:07+00:00","breadcrumb":{"@id":"https:\/\/advocaciapinheiro.com\/en\/3063-2\/#breadcrumb"},"inLanguage":"pt-PT","potentialAction":[{"@type":"ReadAction","target":["https:\/\/advocaciapinheiro.com\/en\/3063-2\/"]}]},{"@type":"ImageObject","inLanguage":"pt-PT","@id":"https:\/\/advocaciapinheiro.com\/en\/3063-2\/#primaryimage","url":"https:\/\/advocaciapinheiro.com\/en\/wp-content\/uploads\/2017\/07\/adriano-m-pinheiro-tribunal-superior-do-trabalho.png","contentUrl":"https:\/\/advocaciapinheiro.com\/en\/wp-content\/uploads\/2017\/07\/adriano-m-pinheiro-tribunal-superior-do-trabalho.png","width":668,"height":438,"caption":"Adriano Martins Pinheiro no Tribunal Superior do Trabalho - TST"},{"@type":"BreadcrumbList","@id":"https:\/\/advocaciapinheiro.com\/en\/3063-2\/#breadcrumb","itemListElement":[{"@type":"ListItem","position":1,"name":"In\u00edcio","item":"https:\/\/advocaciapinheiro.com\/en\/"},{"@type":"ListItem","position":2,"name":"Artigo de Adriano Martins Pinheiro publicado no Tribunal Superior do Trabalho (TST)."}]},{"@type":"WebSite","@id":"https:\/\/advocaciapinheiro.com\/en\/#website","url":"https:\/\/advocaciapinheiro.com\/en\/","name":"Advocacia Portugal | Imigra\u00e7\u00e3o","description":"Advogados | Imigra\u00e7\u00e3o | Portugal","publisher":{"@id":"https:\/\/advocaciapinheiro.com\/en\/#organization"},"potentialAction":[{"@type":"SearchAction","target":{"@type":"EntryPoint","urlTemplate":"https:\/\/advocaciapinheiro.com\/en\/?s={search_term_string}"},"query-input":{"@type":"PropertyValueSpecification","valueRequired":true,"valueName":"search_term_string"}}],"inLanguage":"pt-PT"},{"@type":"Organization","@id":"https:\/\/advocaciapinheiro.com\/en\/#organization","name":"Advocacia Portugal | Imigra\u00e7\u00e3o","url":"https:\/\/advocaciapinheiro.com\/en\/","logo":{"@type":"ImageObject","inLanguage":"pt-PT","@id":"https:\/\/advocaciapinheiro.com\/en\/#\/schema\/logo\/image\/","url":"https:\/\/advocaciapinheiro.com\/en\/wp-content\/uploads\/2024\/12\/advogado-cidadani-portugal-adriano-martins-pinheiro-logo.webp","contentUrl":"https:\/\/advocaciapinheiro.com\/en\/wp-content\/uploads\/2024\/12\/advogado-cidadani-portugal-adriano-martins-pinheiro-logo.webp","width":1600,"height":568,"caption":"Advocacia Portugal | Imigra\u00e7\u00e3o"},"image":{"@id":"https:\/\/advocaciapinheiro.com\/en\/#\/schema\/logo\/image\/"},"sameAs":["https:\/\/www.facebook.com\/AdvocaciaAmPinheiro","https:\/\/x.com\/sp_advogado","https:\/\/www.instagram.com\/advocaciabrasilportugal\/","https:\/\/www.facebook.com\/adrianomartinspinheiroadvocacia","https:\/\/www.youtube.com\/user\/PinheiroLAW"]},{"@type":"Person","@id":"https:\/\/advocaciapinheiro.com\/en\/#\/schema\/person\/b7cd817243740faca399f29054873fb8","name":"Pinheiro","image":{"@type":"ImageObject","inLanguage":"pt-PT","@id":"https:\/\/advocaciapinheiro.com\/en\/#\/schema\/person\/image\/","url":"https:\/\/secure.gravatar.com\/avatar\/f7c804b99a019b968ee9fc812457d64c?s=96&d=mm&r=g","contentUrl":"https:\/\/secure.gravatar.com\/avatar\/f7c804b99a019b968ee9fc812457d64c?s=96&d=mm&r=g","caption":"Pinheiro"},"sameAs":["https:\/\/advocaciapinheiro.com\/en"],"url":"https:\/\/advocaciapinheiro.com\/en\/author\/pinheiro\/"}]}},"_links":{"self":[{"href":"https:\/\/advocaciapinheiro.com\/en\/wp-json\/wp\/v2\/posts\/3063","targetHints":{"allow":["GET"]}}],"collection":[{"href":"https:\/\/advocaciapinheiro.com\/en\/wp-json\/wp\/v2\/posts"}],"about":[{"href":"https:\/\/advocaciapinheiro.com\/en\/wp-json\/wp\/v2\/types\/post"}],"author":[{"embeddable":true,"href":"https:\/\/advocaciapinheiro.com\/en\/wp-json\/wp\/v2\/users\/2"}],"replies":[{"embeddable":true,"href":"https:\/\/advocaciapinheiro.com\/en\/wp-json\/wp\/v2\/comments?post=3063"}],"version-history":[{"count":1,"href":"https:\/\/advocaciapinheiro.com\/en\/wp-json\/wp\/v2\/posts\/3063\/revisions"}],"predecessor-version":[{"id":4517,"href":"https:\/\/advocaciapinheiro.com\/en\/wp-json\/wp\/v2\/posts\/3063\/revisions\/4517"}],"wp:featuredmedia":[{"embeddable":true,"href":"https:\/\/advocaciapinheiro.com\/en\/wp-json\/wp\/v2\/media\/3064"}],"wp:attachment":[{"href":"https:\/\/advocaciapinheiro.com\/en\/wp-json\/wp\/v2\/media?parent=3063"}],"wp:term":[{"taxonomy":"category","embeddable":true,"href":"https:\/\/advocaciapinheiro.com\/en\/wp-json\/wp\/v2\/categories?post=3063"},{"taxonomy":"post_tag","embeddable":true,"href":"https:\/\/advocaciapinheiro.com\/en\/wp-json\/wp\/v2\/tags?post=3063"}],"curies":[{"name":"wp","href":"https:\/\/api.w.org\/{rel}","templated":true}]}}