{"id":3066,"date":"2017-07-11T13:08:26","date_gmt":"2017-07-11T16:08:26","guid":{"rendered":"http:\/\/advocaciapinheiro.adv.br\/?p=3066"},"modified":"2018-12-06T19:56:07","modified_gmt":"2018-12-06T19:56:07","slug":"seguradora-indenizacao-consumidora-furto-de-veiculo","status":"publish","type":"post","link":"https:\/\/advocaciapinheiro.com\/en\/seguradora-indenizacao-consumidora-furto-de-veiculo\/","title":{"rendered":"Seguradora deixa de indenizar consumidora, v\u00edtima de furto de ve\u00edculo"},"content":{"rendered":"<p><strong>Uma consumidora ajuizou a\u00e7\u00e3o contra uma seguradora, que se recusou a pagar a indeniza\u00e7\u00e3o relativa ao seu ve\u00edculo furtado.<\/strong><\/p>\n<p>A seguradora defendeu-se, alegando que, a consumidora prestou informa\u00e7\u00f5es inver\u00eddicas ao &#8220;question\u00e1rio de avalia\u00e7\u00e3o de risco&#8221;, uma vez que, declarou ser ela a principal condutora do ve\u00edculo, e que este seria estacionado em garagem fechada, tanto em sua resid\u00eancia como no local de trabalho.<\/p>\n<p>Ocorre que, na ocasi\u00e3o do sinistro (furto) o ve\u00edculo estava estacionado em via p\u00fablica e era conduzido pelo filho da segurada. Al\u00e9m disso, este declarou em boletim de ocorr\u00eancia que era o condutor habitual do autom\u00f3vel.<\/p>\n<p>Diante da recusa da seguradora, a consumidora ajuizou a\u00e7\u00e3o, pedindo o respectivo pagamento da indeniza\u00e7\u00e3o.<\/p>\n<p>Contudo, tanto em primeira, como a segunda inst\u00e2ncia acolheu a tese da seguradora, deixando de conden\u00e1-la.<\/p>\n<p>Ao julgar o caso, o Tribunal de Justi\u00e7a de S\u00e3o Paulo destacou:<\/p>\n<blockquote><p><em>(&#8230;) &#8220;Nesse passo, porque n\u00e3o informado pela autora que seria seu filho o condutor habitual, tampouco que o ve\u00edculo segurado seria estacionado em garagem fechada, houve a presta\u00e7\u00e3o de informa\u00e7\u00f5es inver\u00eddicas que influ\u00edram no c\u00e1lculo do pr\u00eamio, a ensejar a perda do direito \u00e0 indeniza\u00e7\u00e3o securit\u00e1ria\u201d (TJSP; 1050520-84.2013; Data de registro: 01\/08\/2015).<\/em><\/p><\/blockquote>\n<p>Como \u00e9 sabido, nessa modalidade de contrato a seguradora tra\u00e7a o perfil do segurado, conforme o question\u00e1rio de avalia\u00e7\u00e3o de risco. Quanto maior o risco, maior o pr\u00eamio a ser pago pelo segurado.<\/p>\n<p>A fim de reduzir o valor do pr\u00eamio, alguns segurados omitem ou criam informa\u00e7\u00f5es no question\u00e1rio. Assim, no momento do sinistro, as informa\u00e7\u00f5es podem divergir da realidade, o que, por vezes, implica na recusa da seguradora em realizar o pagamento.<\/p>\n<p>\u00c9 comum, por exemplo, que o question\u00e1rio contenha a informa\u00e7\u00e3o, no sentido de que o segurado utiliza o ve\u00edculo apenas para passeio, sendo que, na verdade, \u00e9 utilizado para o trabalho.<\/p>\n<p>Por fim, registre-se que, nos termos do artigo 765 do C\u00f3digo Civil, o contrato de seguro obedece ao princ\u00edpio da boa-f\u00e9, cuja viola\u00e7\u00e3o enseja a perda do direito ao valor do seguro, conforme san\u00e7\u00e3o prevista no artigo 766 do mesmo C\u00f3digo.<\/p>\n<p><strong>Adriano Martins Pinheiro \u00e9 advogado em SP, p\u00f3s-graduado em direito empresarial, com extens\u00e3o em contratos pela FGV, articulista e palestrante.<\/strong><\/p>\n","protected":false},"excerpt":{"rendered":"<p>Uma consumidora ajuizou a\u00e7\u00e3o contra uma seguradora, que se recusou a pagar a indeniza\u00e7\u00e3o relativa ao seu ve\u00edculo furtado. A seguradora defendeu-se, alegando que, a consumidora prestou informa\u00e7\u00f5es inver\u00eddicas ao &#8220;question\u00e1rio de avalia\u00e7\u00e3o de risco&#8221;, uma vez que, declarou ser ela a principal condutora do ve\u00edculo, e que este seria estacionado em garagem fechada, tanto [&hellip;]<\/p>\n","protected":false},"author":2,"featured_media":3067,"comment_status":"open","ping_status":"open","sticky":false,"template":"","format":"standard","meta":{"footnotes":""},"categories":[2],"tags":[114,115,116,117,118,119],"class_list":["post-3066","post","type-post","status-publish","format-standard","has-post-thumbnail","hentry","category-posts","tag-advogado-consumidor-sp","tag-advogado-direito-securitario","tag-advogado-indenizacao-seguradora","tag-negativa-seguro","tag-questionario-de-avaliacao-e-risco","tag-seguradora-indenizacao"],"yoast_head":"<!-- This site is optimized with the Yoast SEO Premium plugin v23.8 (Yoast SEO v24.1) - https:\/\/yoast.com\/wordpress\/plugins\/seo\/ -->\n<title>Seguradora deixa de indenizar consumidora, v\u00edtima de furto de ve\u00edculo<\/title>\n<meta name=\"description\" content=\"Uma consumidora ajuizou a\u00e7\u00e3o contra uma seguradora, que se recusou a pagar a indeniza\u00e7\u00e3o relativa ao seu ve\u00edculo furtado. Diante da recusa da seguradora ...\" \/>\n<meta name=\"robots\" content=\"index, follow, max-snippet:-1, max-image-preview:large, max-video-preview:-1\" \/>\n<link rel=\"canonical\" href=\"https:\/\/advocaciapinheiro.com\/en\/seguradora-indenizacao-consumidora-furto-de-veiculo\/\" \/>\n<meta property=\"og:locale\" content=\"pt_PT\" \/>\n<meta property=\"og:type\" content=\"article\" \/>\n<meta property=\"og:title\" content=\"Seguradora deixa de indenizar consumidora, v\u00edtima de furto de ve\u00edculo\" \/>\n<meta property=\"og:description\" content=\"Uma consumidora ajuizou a\u00e7\u00e3o contra uma seguradora, que se recusou a pagar a indeniza\u00e7\u00e3o relativa ao seu ve\u00edculo furtado. Diante da recusa da seguradora ...\" \/>\n<meta property=\"og:url\" content=\"https:\/\/advocaciapinheiro.com\/en\/seguradora-indenizacao-consumidora-furto-de-veiculo\/\" \/>\n<meta property=\"og:site_name\" content=\"Advocacia Portugal | Imigra\u00e7\u00e3o\" \/>\n<meta property=\"article:publisher\" content=\"https:\/\/www.facebook.com\/AdvocaciaAmPinheiro\" \/>\n<meta property=\"article:published_time\" content=\"2017-07-11T16:08:26+00:00\" \/>\n<meta property=\"article:modified_time\" content=\"2018-12-06T19:56:07+00:00\" \/>\n<meta property=\"og:image\" content=\"https:\/\/advocaciapinheiro.com\/en\/wp-content\/uploads\/2017\/07\/furto-ve\u00edculo-seguradora-indeniza\u00e7\u00e3o.jpg\" \/>\n\t<meta property=\"og:image:width\" content=\"597\" \/>\n\t<meta property=\"og:image:height\" content=\"336\" \/>\n\t<meta property=\"og:image:type\" content=\"image\/jpeg\" \/>\n<meta name=\"author\" content=\"Pinheiro\" \/>\n<meta name=\"twitter:card\" content=\"summary_large_image\" \/>\n<meta name=\"twitter:creator\" content=\"@sp_advogado\" \/>\n<meta name=\"twitter:site\" content=\"@sp_advogado\" \/>\n<meta name=\"twitter:label1\" content=\"Escrito por\" \/>\n\t<meta name=\"twitter:data1\" content=\"Pinheiro\" \/>\n\t<meta name=\"twitter:label2\" content=\"Tempo estimado de leitura\" \/>\n\t<meta name=\"twitter:data2\" content=\"2 minutos\" \/>\n<script type=\"application\/ld+json\" class=\"yoast-schema-graph\">{\"@context\":\"https:\/\/schema.org\",\"@graph\":[{\"@type\":\"Article\",\"@id\":\"https:\/\/advocaciapinheiro.com\/en\/seguradora-indenizacao-consumidora-furto-de-veiculo\/#article\",\"isPartOf\":{\"@id\":\"https:\/\/advocaciapinheiro.com\/en\/seguradora-indenizacao-consumidora-furto-de-veiculo\/\"},\"author\":{\"name\":\"Pinheiro\",\"@id\":\"https:\/\/advocaciapinheiro.com\/en\/#\/schema\/person\/b7cd817243740faca399f29054873fb8\"},\"headline\":\"Seguradora deixa de indenizar consumidora, v\u00edtima de furto de ve\u00edculo\",\"datePublished\":\"2017-07-11T16:08:26+00:00\",\"dateModified\":\"2018-12-06T19:56:07+00:00\",\"mainEntityOfPage\":{\"@id\":\"https:\/\/advocaciapinheiro.com\/en\/seguradora-indenizacao-consumidora-furto-de-veiculo\/\"},\"wordCount\":411,\"commentCount\":0,\"publisher\":{\"@id\":\"https:\/\/advocaciapinheiro.com\/en\/#organization\"},\"image\":{\"@id\":\"https:\/\/advocaciapinheiro.com\/en\/seguradora-indenizacao-consumidora-furto-de-veiculo\/#primaryimage\"},\"thumbnailUrl\":\"https:\/\/advocaciapinheiro.com\/en\/wp-content\/uploads\/2017\/07\/furto-ve\u00edculo-seguradora-indeniza\u00e7\u00e3o.jpg\",\"keywords\":[\"advogado consumidor sp\",\"advogado direito securit\u00e1rio\",\"advogado indeniza\u00e7\u00e3o seguradora\",\"negativa seguro\",\"question\u00e1rio de avalia\u00e7\u00e3o e risco\",\"seguradora indeniza\u00e7\u00e3o\"],\"articleSection\":[\"Posts\"],\"inLanguage\":\"pt-PT\",\"potentialAction\":[{\"@type\":\"CommentAction\",\"name\":\"Comment\",\"target\":[\"https:\/\/advocaciapinheiro.com\/en\/seguradora-indenizacao-consumidora-furto-de-veiculo\/#respond\"]}]},{\"@type\":\"WebPage\",\"@id\":\"https:\/\/advocaciapinheiro.com\/en\/seguradora-indenizacao-consumidora-furto-de-veiculo\/\",\"url\":\"https:\/\/advocaciapinheiro.com\/en\/seguradora-indenizacao-consumidora-furto-de-veiculo\/\",\"name\":\"Seguradora deixa de indenizar consumidora, v\u00edtima de furto de ve\u00edculo\",\"isPartOf\":{\"@id\":\"https:\/\/advocaciapinheiro.com\/en\/#website\"},\"primaryImageOfPage\":{\"@id\":\"https:\/\/advocaciapinheiro.com\/en\/seguradora-indenizacao-consumidora-furto-de-veiculo\/#primaryimage\"},\"image\":{\"@id\":\"https:\/\/advocaciapinheiro.com\/en\/seguradora-indenizacao-consumidora-furto-de-veiculo\/#primaryimage\"},\"thumbnailUrl\":\"https:\/\/advocaciapinheiro.com\/en\/wp-content\/uploads\/2017\/07\/furto-ve\u00edculo-seguradora-indeniza\u00e7\u00e3o.jpg\",\"datePublished\":\"2017-07-11T16:08:26+00:00\",\"dateModified\":\"2018-12-06T19:56:07+00:00\",\"description\":\"Uma consumidora ajuizou a\u00e7\u00e3o contra uma seguradora, que se recusou a pagar a indeniza\u00e7\u00e3o relativa ao seu ve\u00edculo furtado. Diante da recusa da seguradora ...\",\"breadcrumb\":{\"@id\":\"https:\/\/advocaciapinheiro.com\/en\/seguradora-indenizacao-consumidora-furto-de-veiculo\/#breadcrumb\"},\"inLanguage\":\"pt-PT\",\"potentialAction\":[{\"@type\":\"ReadAction\",\"target\":[\"https:\/\/advocaciapinheiro.com\/en\/seguradora-indenizacao-consumidora-furto-de-veiculo\/\"]}]},{\"@type\":\"ImageObject\",\"inLanguage\":\"pt-PT\",\"@id\":\"https:\/\/advocaciapinheiro.com\/en\/seguradora-indenizacao-consumidora-furto-de-veiculo\/#primaryimage\",\"url\":\"https:\/\/advocaciapinheiro.com\/en\/wp-content\/uploads\/2017\/07\/furto-ve\u00edculo-seguradora-indeniza\u00e7\u00e3o.jpg\",\"contentUrl\":\"https:\/\/advocaciapinheiro.com\/en\/wp-content\/uploads\/2017\/07\/furto-ve\u00edculo-seguradora-indeniza\u00e7\u00e3o.jpg\",\"width\":597,\"height\":336,\"caption\":\"Seguradora - furto de ve\u00edculo\"},{\"@type\":\"BreadcrumbList\",\"@id\":\"https:\/\/advocaciapinheiro.com\/en\/seguradora-indenizacao-consumidora-furto-de-veiculo\/#breadcrumb\",\"itemListElement\":[{\"@type\":\"ListItem\",\"position\":1,\"name\":\"In\u00edcio\",\"item\":\"https:\/\/advocaciapinheiro.com\/en\/\"},{\"@type\":\"ListItem\",\"position\":2,\"name\":\"Seguradora deixa de indenizar consumidora, v\u00edtima de furto de ve\u00edculo\"}]},{\"@type\":\"WebSite\",\"@id\":\"https:\/\/advocaciapinheiro.com\/en\/#website\",\"url\":\"https:\/\/advocaciapinheiro.com\/en\/\",\"name\":\"Advocacia Portugal | Imigra\u00e7\u00e3o\",\"description\":\"Advogados | Imigra\u00e7\u00e3o | Portugal\",\"publisher\":{\"@id\":\"https:\/\/advocaciapinheiro.com\/en\/#organization\"},\"potentialAction\":[{\"@type\":\"SearchAction\",\"target\":{\"@type\":\"EntryPoint\",\"urlTemplate\":\"https:\/\/advocaciapinheiro.com\/en\/?s={search_term_string}\"},\"query-input\":{\"@type\":\"PropertyValueSpecification\",\"valueRequired\":true,\"valueName\":\"search_term_string\"}}],\"inLanguage\":\"pt-PT\"},{\"@type\":\"Organization\",\"@id\":\"https:\/\/advocaciapinheiro.com\/en\/#organization\",\"name\":\"Advocacia Portugal | Imigra\u00e7\u00e3o\",\"url\":\"https:\/\/advocaciapinheiro.com\/en\/\",\"logo\":{\"@type\":\"ImageObject\",\"inLanguage\":\"pt-PT\",\"@id\":\"https:\/\/advocaciapinheiro.com\/en\/#\/schema\/logo\/image\/\",\"url\":\"https:\/\/advocaciapinheiro.com\/en\/wp-content\/uploads\/2024\/12\/advogado-cidadani-portugal-adriano-martins-pinheiro-logo.webp\",\"contentUrl\":\"https:\/\/advocaciapinheiro.com\/en\/wp-content\/uploads\/2024\/12\/advogado-cidadani-portugal-adriano-martins-pinheiro-logo.webp\",\"width\":1600,\"height\":568,\"caption\":\"Advocacia Portugal | Imigra\u00e7\u00e3o\"},\"image\":{\"@id\":\"https:\/\/advocaciapinheiro.com\/en\/#\/schema\/logo\/image\/\"},\"sameAs\":[\"https:\/\/www.facebook.com\/AdvocaciaAmPinheiro\",\"https:\/\/x.com\/sp_advogado\",\"https:\/\/www.instagram.com\/advocaciabrasilportugal\/\",\"https:\/\/www.facebook.com\/adrianomartinspinheiroadvocacia\",\"https:\/\/www.youtube.com\/user\/PinheiroLAW\"]},{\"@type\":\"Person\",\"@id\":\"https:\/\/advocaciapinheiro.com\/en\/#\/schema\/person\/b7cd817243740faca399f29054873fb8\",\"name\":\"Pinheiro\",\"image\":{\"@type\":\"ImageObject\",\"inLanguage\":\"pt-PT\",\"@id\":\"https:\/\/advocaciapinheiro.com\/en\/#\/schema\/person\/image\/\",\"url\":\"https:\/\/secure.gravatar.com\/avatar\/f7c804b99a019b968ee9fc812457d64c?s=96&d=mm&r=g\",\"contentUrl\":\"https:\/\/secure.gravatar.com\/avatar\/f7c804b99a019b968ee9fc812457d64c?s=96&d=mm&r=g\",\"caption\":\"Pinheiro\"},\"sameAs\":[\"https:\/\/advocaciapinheiro.com\/en\"],\"url\":\"https:\/\/advocaciapinheiro.com\/en\/author\/pinheiro\/\"}]}<\/script>\n<!-- \/ Yoast SEO Premium plugin. -->","yoast_head_json":{"title":"Seguradora deixa de indenizar consumidora, v\u00edtima de furto de ve\u00edculo","description":"Uma consumidora ajuizou a\u00e7\u00e3o contra uma seguradora, que se recusou a pagar a indeniza\u00e7\u00e3o relativa ao seu ve\u00edculo furtado. Diante da recusa da seguradora ...","robots":{"index":"index","follow":"follow","max-snippet":"max-snippet:-1","max-image-preview":"max-image-preview:large","max-video-preview":"max-video-preview:-1"},"canonical":"https:\/\/advocaciapinheiro.com\/en\/seguradora-indenizacao-consumidora-furto-de-veiculo\/","og_locale":"pt_PT","og_type":"article","og_title":"Seguradora deixa de indenizar consumidora, v\u00edtima de furto de ve\u00edculo","og_description":"Uma consumidora ajuizou a\u00e7\u00e3o contra uma seguradora, que se recusou a pagar a indeniza\u00e7\u00e3o relativa ao seu ve\u00edculo furtado. Diante da recusa da seguradora ...","og_url":"https:\/\/advocaciapinheiro.com\/en\/seguradora-indenizacao-consumidora-furto-de-veiculo\/","og_site_name":"Advocacia Portugal | Imigra\u00e7\u00e3o","article_publisher":"https:\/\/www.facebook.com\/AdvocaciaAmPinheiro","article_published_time":"2017-07-11T16:08:26+00:00","article_modified_time":"2018-12-06T19:56:07+00:00","og_image":[{"width":597,"height":336,"url":"https:\/\/advocaciapinheiro.com\/en\/wp-content\/uploads\/2017\/07\/furto-ve\u00edculo-seguradora-indeniza\u00e7\u00e3o.jpg","type":"image\/jpeg"}],"author":"Pinheiro","twitter_card":"summary_large_image","twitter_creator":"@sp_advogado","twitter_site":"@sp_advogado","twitter_misc":{"Escrito por":"Pinheiro","Tempo estimado de leitura":"2 minutos"},"schema":{"@context":"https:\/\/schema.org","@graph":[{"@type":"Article","@id":"https:\/\/advocaciapinheiro.com\/en\/seguradora-indenizacao-consumidora-furto-de-veiculo\/#article","isPartOf":{"@id":"https:\/\/advocaciapinheiro.com\/en\/seguradora-indenizacao-consumidora-furto-de-veiculo\/"},"author":{"name":"Pinheiro","@id":"https:\/\/advocaciapinheiro.com\/en\/#\/schema\/person\/b7cd817243740faca399f29054873fb8"},"headline":"Seguradora deixa de indenizar consumidora, v\u00edtima de furto de ve\u00edculo","datePublished":"2017-07-11T16:08:26+00:00","dateModified":"2018-12-06T19:56:07+00:00","mainEntityOfPage":{"@id":"https:\/\/advocaciapinheiro.com\/en\/seguradora-indenizacao-consumidora-furto-de-veiculo\/"},"wordCount":411,"commentCount":0,"publisher":{"@id":"https:\/\/advocaciapinheiro.com\/en\/#organization"},"image":{"@id":"https:\/\/advocaciapinheiro.com\/en\/seguradora-indenizacao-consumidora-furto-de-veiculo\/#primaryimage"},"thumbnailUrl":"https:\/\/advocaciapinheiro.com\/en\/wp-content\/uploads\/2017\/07\/furto-ve\u00edculo-seguradora-indeniza\u00e7\u00e3o.jpg","keywords":["advogado consumidor sp","advogado direito securit\u00e1rio","advogado indeniza\u00e7\u00e3o seguradora","negativa seguro","question\u00e1rio de avalia\u00e7\u00e3o e risco","seguradora indeniza\u00e7\u00e3o"],"articleSection":["Posts"],"inLanguage":"pt-PT","potentialAction":[{"@type":"CommentAction","name":"Comment","target":["https:\/\/advocaciapinheiro.com\/en\/seguradora-indenizacao-consumidora-furto-de-veiculo\/#respond"]}]},{"@type":"WebPage","@id":"https:\/\/advocaciapinheiro.com\/en\/seguradora-indenizacao-consumidora-furto-de-veiculo\/","url":"https:\/\/advocaciapinheiro.com\/en\/seguradora-indenizacao-consumidora-furto-de-veiculo\/","name":"Seguradora deixa de indenizar consumidora, v\u00edtima de furto de ve\u00edculo","isPartOf":{"@id":"https:\/\/advocaciapinheiro.com\/en\/#website"},"primaryImageOfPage":{"@id":"https:\/\/advocaciapinheiro.com\/en\/seguradora-indenizacao-consumidora-furto-de-veiculo\/#primaryimage"},"image":{"@id":"https:\/\/advocaciapinheiro.com\/en\/seguradora-indenizacao-consumidora-furto-de-veiculo\/#primaryimage"},"thumbnailUrl":"https:\/\/advocaciapinheiro.com\/en\/wp-content\/uploads\/2017\/07\/furto-ve\u00edculo-seguradora-indeniza\u00e7\u00e3o.jpg","datePublished":"2017-07-11T16:08:26+00:00","dateModified":"2018-12-06T19:56:07+00:00","description":"Uma consumidora ajuizou a\u00e7\u00e3o contra uma seguradora, que se recusou a pagar a indeniza\u00e7\u00e3o relativa ao seu ve\u00edculo furtado. Diante da recusa da seguradora ...","breadcrumb":{"@id":"https:\/\/advocaciapinheiro.com\/en\/seguradora-indenizacao-consumidora-furto-de-veiculo\/#breadcrumb"},"inLanguage":"pt-PT","potentialAction":[{"@type":"ReadAction","target":["https:\/\/advocaciapinheiro.com\/en\/seguradora-indenizacao-consumidora-furto-de-veiculo\/"]}]},{"@type":"ImageObject","inLanguage":"pt-PT","@id":"https:\/\/advocaciapinheiro.com\/en\/seguradora-indenizacao-consumidora-furto-de-veiculo\/#primaryimage","url":"https:\/\/advocaciapinheiro.com\/en\/wp-content\/uploads\/2017\/07\/furto-ve\u00edculo-seguradora-indeniza\u00e7\u00e3o.jpg","contentUrl":"https:\/\/advocaciapinheiro.com\/en\/wp-content\/uploads\/2017\/07\/furto-ve\u00edculo-seguradora-indeniza\u00e7\u00e3o.jpg","width":597,"height":336,"caption":"Seguradora - furto de ve\u00edculo"},{"@type":"BreadcrumbList","@id":"https:\/\/advocaciapinheiro.com\/en\/seguradora-indenizacao-consumidora-furto-de-veiculo\/#breadcrumb","itemListElement":[{"@type":"ListItem","position":1,"name":"In\u00edcio","item":"https:\/\/advocaciapinheiro.com\/en\/"},{"@type":"ListItem","position":2,"name":"Seguradora deixa de indenizar consumidora, v\u00edtima de furto de ve\u00edculo"}]},{"@type":"WebSite","@id":"https:\/\/advocaciapinheiro.com\/en\/#website","url":"https:\/\/advocaciapinheiro.com\/en\/","name":"Advocacia Portugal | Imigra\u00e7\u00e3o","description":"Advogados | Imigra\u00e7\u00e3o | Portugal","publisher":{"@id":"https:\/\/advocaciapinheiro.com\/en\/#organization"},"potentialAction":[{"@type":"SearchAction","target":{"@type":"EntryPoint","urlTemplate":"https:\/\/advocaciapinheiro.com\/en\/?s={search_term_string}"},"query-input":{"@type":"PropertyValueSpecification","valueRequired":true,"valueName":"search_term_string"}}],"inLanguage":"pt-PT"},{"@type":"Organization","@id":"https:\/\/advocaciapinheiro.com\/en\/#organization","name":"Advocacia Portugal | Imigra\u00e7\u00e3o","url":"https:\/\/advocaciapinheiro.com\/en\/","logo":{"@type":"ImageObject","inLanguage":"pt-PT","@id":"https:\/\/advocaciapinheiro.com\/en\/#\/schema\/logo\/image\/","url":"https:\/\/advocaciapinheiro.com\/en\/wp-content\/uploads\/2024\/12\/advogado-cidadani-portugal-adriano-martins-pinheiro-logo.webp","contentUrl":"https:\/\/advocaciapinheiro.com\/en\/wp-content\/uploads\/2024\/12\/advogado-cidadani-portugal-adriano-martins-pinheiro-logo.webp","width":1600,"height":568,"caption":"Advocacia Portugal | Imigra\u00e7\u00e3o"},"image":{"@id":"https:\/\/advocaciapinheiro.com\/en\/#\/schema\/logo\/image\/"},"sameAs":["https:\/\/www.facebook.com\/AdvocaciaAmPinheiro","https:\/\/x.com\/sp_advogado","https:\/\/www.instagram.com\/advocaciabrasilportugal\/","https:\/\/www.facebook.com\/adrianomartinspinheiroadvocacia","https:\/\/www.youtube.com\/user\/PinheiroLAW"]},{"@type":"Person","@id":"https:\/\/advocaciapinheiro.com\/en\/#\/schema\/person\/b7cd817243740faca399f29054873fb8","name":"Pinheiro","image":{"@type":"ImageObject","inLanguage":"pt-PT","@id":"https:\/\/advocaciapinheiro.com\/en\/#\/schema\/person\/image\/","url":"https:\/\/secure.gravatar.com\/avatar\/f7c804b99a019b968ee9fc812457d64c?s=96&d=mm&r=g","contentUrl":"https:\/\/secure.gravatar.com\/avatar\/f7c804b99a019b968ee9fc812457d64c?s=96&d=mm&r=g","caption":"Pinheiro"},"sameAs":["https:\/\/advocaciapinheiro.com\/en"],"url":"https:\/\/advocaciapinheiro.com\/en\/author\/pinheiro\/"}]}},"_links":{"self":[{"href":"https:\/\/advocaciapinheiro.com\/en\/wp-json\/wp\/v2\/posts\/3066","targetHints":{"allow":["GET"]}}],"collection":[{"href":"https:\/\/advocaciapinheiro.com\/en\/wp-json\/wp\/v2\/posts"}],"about":[{"href":"https:\/\/advocaciapinheiro.com\/en\/wp-json\/wp\/v2\/types\/post"}],"author":[{"embeddable":true,"href":"https:\/\/advocaciapinheiro.com\/en\/wp-json\/wp\/v2\/users\/2"}],"replies":[{"embeddable":true,"href":"https:\/\/advocaciapinheiro.com\/en\/wp-json\/wp\/v2\/comments?post=3066"}],"version-history":[{"count":1,"href":"https:\/\/advocaciapinheiro.com\/en\/wp-json\/wp\/v2\/posts\/3066\/revisions"}],"predecessor-version":[{"id":4516,"href":"https:\/\/advocaciapinheiro.com\/en\/wp-json\/wp\/v2\/posts\/3066\/revisions\/4516"}],"wp:featuredmedia":[{"embeddable":true,"href":"https:\/\/advocaciapinheiro.com\/en\/wp-json\/wp\/v2\/media\/3067"}],"wp:attachment":[{"href":"https:\/\/advocaciapinheiro.com\/en\/wp-json\/wp\/v2\/media?parent=3066"}],"wp:term":[{"taxonomy":"category","embeddable":true,"href":"https:\/\/advocaciapinheiro.com\/en\/wp-json\/wp\/v2\/categories?post=3066"},{"taxonomy":"post_tag","embeddable":true,"href":"https:\/\/advocaciapinheiro.com\/en\/wp-json\/wp\/v2\/tags?post=3066"}],"curies":[{"name":"wp","href":"https:\/\/api.w.org\/{rel}","templated":true}]}}