{"id":3069,"date":"2017-07-11T14:07:38","date_gmt":"2017-07-11T17:07:38","guid":{"rendered":"http:\/\/advocaciapinheiro.adv.br\/?p=3069"},"modified":"2018-12-06T19:56:07","modified_gmt":"2018-12-06T19:56:07","slug":"facebook-whatsapp-danos-morais","status":"publish","type":"post","link":"https:\/\/advocaciapinheiro.com\/en\/facebook-whatsapp-danos-morais\/","title":{"rendered":"Facebook e Whatsapp podem causar danos morais, quando mal utilizados"},"content":{"rendered":"<p><strong>I &#8211; Introdu\u00e7\u00e3o<\/strong><\/p>\n<p>Embora o t\u00edtulo do artigo, por conveni\u00eancia de escrita, tenha mencionado, apenas, o Facebook e \u00a0o Whatsapp, \u00e9 evidente que o mal uso de qualquer rede social pode trazer implica\u00e7\u00f5es jur\u00eddicas. Vale analisar alguns exemplos a seguir.<\/p>\n<p>Diariamente, diversos processos judiciais s\u00e3o iniciados sob a alega\u00e7\u00e3o de manifesta\u00e7\u00f5es ofensivas nas redes sociais.\u00a0As v\u00edtimas buscam no Judici\u00e1rio indeniza\u00e7\u00f5es e, ainda, a puni\u00e7\u00e3o dos ofensores. Assim, meses de batalha judicial, despesas com honor\u00e1rios de advogados e, \u00e0s vezes, penhoras e bloqueios, decorrentes dos valores alcan\u00e7ados.<\/p>\n<p>H\u00e1, tamb\u00e9m, casos de funcion\u00e1rios que s\u00e3o demitidos, por justa causa, em raz\u00e3o de coment\u00e1rios na rede, contra empregador, colegas de trabalho e clientes.<\/p>\n<p>Dessa forma, recomenda-se que os internautas tomem a devida cautela, antes de registrar suas opini\u00f5es ou emo\u00e7\u00f5es nas redes sociais, seja por meio do Facebook, Whatsapp, Twitter, Linkedin etc.<\/p>\n<p><strong>II \u2013 \u201cBriga de marido e mulher\u201d<\/strong><\/p>\n<p>No primeiro exemplo, a v\u00edtima (ex-companheiro) afirmou que viveu em uni\u00e3o est\u00e1vel com a suposta ofensora e que, ap\u00f3s o t\u00e9rmino do relacionamento, passou a ser hostilizado por esta em sites de relacionamento, sendo, inclusive, alvo de difama\u00e7\u00f5es.<\/p>\n<p>A ofensora publicou que o homem teria cometido trai\u00e7\u00e3o e, ainda, teria a agredido.<\/p>\n<p>Ao julgar a a\u00e7\u00e3o, a Ju\u00edza declarou que:<\/p>\n<blockquote><p><em>\u201cA insatisfa\u00e7\u00e3o de uma parte com a vida conjugal n\u00e3o lhe confere o direito de expor o outro c\u00f4njuge de maneira negativa perante da comunidade.\u201d<\/em><\/p><\/blockquote>\n<p>A mulher foi condenada a pagar indeniza\u00e7\u00e3o ao ex-companheiro. Vale lembrar que, a difama\u00e7\u00e3o \u00e9 crime, previsto no C\u00f3digo Penal Brasileiro (assim como inj\u00faria e cal\u00fania).<\/p>\n<p><strong>III \u2013 Funcion\u00e1ria demitida por justa causa (desabafo no Facebook)<\/strong><\/p>\n<p>Uma funcion\u00e1ria foi demitida por justa causa, em raz\u00e3o de ter publicado coment\u00e1rios tidos como ofensivos, contra a empresa em que trabalhava. O caso foi levado \u00e0 Justi\u00e7a do Trabalho.<\/p>\n<p>A empresa sustentou que a dispensa por justa causa foi correta, uma vez que a funcion\u00e1ria teria publicado coment\u00e1rios grosseiros e desrespeitosos. Alegou, ainda, que a funcion\u00e1ria postou no Facebook, coment\u00e1rios absolutamente inapropriados a respeito do trabalho desenvolvido nas depend\u00eancias da empresa, em evidente desrespeito \u00e0 sua imagem.<\/p>\n<p>Vale a pena ler um trecho da senten\u00e7a:<\/p>\n<blockquote><p><em>\u201cHodiernamente a internet e as redes sociais t\u00eam possibilitado a qualquer pessoa manifestar-se publicamente.<\/em><br \/>\n<em>Contudo, s\u00e3o ferramentas que devem ser utilizadas com cuidado porque a informa\u00e7\u00e3o divulgada se propaga rapidamente, sem possibilidade de controle, inclusive quanto aos destinat\u00e1rios.<\/em><\/p>\n<p><em>O empregado \u2013 como qualquer cidad\u00e3o \u2013 tem assegurado pela Constitui\u00e7\u00e3o Federal o direito \u00e0 liberdade de express\u00e3o, inclusive em redes sociais.<\/em><\/p>\n<p><em>Contudo, ao firmar o contrato de trabalho, assume deveres, entre os quais o de lealdade, ou seja, o dever de cooperar para o bom nome da empregadora, prejudicado pelas ofensas (WAGNER D. GIGLIO, Justa Causa, LTr, 2\u00aa Edi\u00e7\u00e3o, p\u00e1g. 269).<\/em><\/p>\n<p><em>Assim, o direito \u00e0 liberdade de express\u00e3o n\u00e3o \u00e9 absoluto e deve ser exercido, ainda que fora do hor\u00e1rio de trabalho, com modera\u00e7\u00e3o de forma a n\u00e3o ferir a imagem do empregador.<\/em><\/p>\n<p><em>Os coment\u00e1rios desabonadores e difamat\u00f3rios tornados p\u00fablicos pela reclamante violaram a imagem e boa fama da reclamada, e n\u00e3o podem ser tidos como meros desabafos\u201d.<\/em><\/p><\/blockquote>\n<p><strong>IV \u2013 Conclus\u00e3o<\/strong><\/p>\n<p>Como se v\u00ea, a liberdade de express\u00e3o n\u00e3o autoriza ofender a honra de outrem. Para toda e qualquer manifesta\u00e7\u00e3o recomenda-se o bom senso.<\/p>\n<p>Por fim, por raz\u00f5es \u00f3bvias, deve-se evitar levar ao Judici\u00e1rio processos desnecess\u00e1rios, pois, casos que poderiam ser evitados, representam um preju\u00edzo a pr\u00f3pria sociedade (jurisdicionados).<\/p>\n<p><em><strong>Adriano Martins Pinheiro \u00e9 advogado em S\u00e3o Paulo, articulista e palestrante.<\/strong><\/em><\/p>\n","protected":false},"excerpt":{"rendered":"<p>I &#8211; Introdu\u00e7\u00e3o Embora o t\u00edtulo do artigo, por conveni\u00eancia de escrita, tenha mencionado, apenas, o Facebook e \u00a0o Whatsapp, \u00e9 evidente que o mal uso de qualquer rede social pode trazer implica\u00e7\u00f5es jur\u00eddicas. Vale analisar alguns exemplos a seguir. Diariamente, diversos processos judiciais s\u00e3o iniciados sob a alega\u00e7\u00e3o de manifesta\u00e7\u00f5es ofensivas nas redes sociais.\u00a0As [&hellip;]<\/p>\n","protected":false},"author":2,"featured_media":3070,"comment_status":"open","ping_status":"open","sticky":false,"template":"","format":"standard","meta":{"footnotes":""},"categories":[2],"tags":[120,121],"class_list":["post-3069","post","type-post","status-publish","format-standard","has-post-thumbnail","hentry","category-posts","tag-facebook-danos-morais","tag-whatsapp-danos-morais"],"yoast_head":"<!-- This site is optimized with the Yoast SEO Premium plugin v23.8 (Yoast SEO v24.1) - https:\/\/yoast.com\/wordpress\/plugins\/seo\/ -->\n<title>Facebook e Whatsapp podem causar danos morais, quando mal utilizados<\/title>\n<meta name=\"description\" content=\"Uma mulher foi condenada a pagar indeniza\u00e7\u00e3o ao seu ex-companheiro, por discutir o relacionamento no Facebook, publicando ofensas contra este. Al\u00e9m disso...\" \/>\n<meta name=\"robots\" content=\"index, follow, max-snippet:-1, max-image-preview:large, max-video-preview:-1\" \/>\n<link rel=\"canonical\" href=\"https:\/\/advocaciapinheiro.com\/en\/facebook-whatsapp-danos-morais\/\" \/>\n<meta property=\"og:locale\" content=\"pt_PT\" \/>\n<meta property=\"og:type\" content=\"article\" \/>\n<meta property=\"og:title\" content=\"Facebook e Whatsapp podem causar danos morais, quando mal utilizados\" \/>\n<meta property=\"og:description\" content=\"Uma mulher foi condenada a pagar indeniza\u00e7\u00e3o ao seu ex-companheiro, por discutir o relacionamento no Facebook, publicando ofensas contra este. Al\u00e9m disso...\" \/>\n<meta property=\"og:url\" content=\"https:\/\/advocaciapinheiro.com\/en\/facebook-whatsapp-danos-morais\/\" \/>\n<meta property=\"og:site_name\" content=\"Advocacia Portugal | Imigra\u00e7\u00e3o\" \/>\n<meta property=\"article:publisher\" content=\"https:\/\/www.facebook.com\/AdvocaciaAmPinheiro\" \/>\n<meta property=\"article:published_time\" content=\"2017-07-11T17:07:38+00:00\" \/>\n<meta property=\"article:modified_time\" content=\"2018-12-06T19:56:07+00:00\" \/>\n<meta property=\"og:image\" content=\"https:\/\/advocaciapinheiro.com\/en\/wp-content\/uploads\/2017\/07\/facebook-whatspp-indeniza\u00e7\u00e3o.jpg\" \/>\n\t<meta property=\"og:image:width\" content=\"340\" \/>\n\t<meta property=\"og:image:height\" content=\"227\" \/>\n\t<meta property=\"og:image:type\" content=\"image\/jpeg\" \/>\n<meta name=\"author\" content=\"Pinheiro\" \/>\n<meta name=\"twitter:card\" content=\"summary_large_image\" \/>\n<meta name=\"twitter:creator\" content=\"@sp_advogado\" \/>\n<meta name=\"twitter:site\" content=\"@sp_advogado\" \/>\n<meta name=\"twitter:label1\" content=\"Escrito por\" \/>\n\t<meta name=\"twitter:data1\" content=\"Pinheiro\" \/>\n\t<meta name=\"twitter:label2\" content=\"Tempo estimado de leitura\" \/>\n\t<meta name=\"twitter:data2\" content=\"3 minutos\" \/>\n<script type=\"application\/ld+json\" class=\"yoast-schema-graph\">{\"@context\":\"https:\/\/schema.org\",\"@graph\":[{\"@type\":\"Article\",\"@id\":\"https:\/\/advocaciapinheiro.com\/en\/facebook-whatsapp-danos-morais\/#article\",\"isPartOf\":{\"@id\":\"https:\/\/advocaciapinheiro.com\/en\/facebook-whatsapp-danos-morais\/\"},\"author\":{\"name\":\"Pinheiro\",\"@id\":\"https:\/\/advocaciapinheiro.com\/en\/#\/schema\/person\/b7cd817243740faca399f29054873fb8\"},\"headline\":\"Facebook e Whatsapp podem causar danos morais, quando mal utilizados\",\"datePublished\":\"2017-07-11T17:07:38+00:00\",\"dateModified\":\"2018-12-06T19:56:07+00:00\",\"mainEntityOfPage\":{\"@id\":\"https:\/\/advocaciapinheiro.com\/en\/facebook-whatsapp-danos-morais\/\"},\"wordCount\":645,\"commentCount\":0,\"publisher\":{\"@id\":\"https:\/\/advocaciapinheiro.com\/en\/#organization\"},\"image\":{\"@id\":\"https:\/\/advocaciapinheiro.com\/en\/facebook-whatsapp-danos-morais\/#primaryimage\"},\"thumbnailUrl\":\"https:\/\/advocaciapinheiro.com\/en\/wp-content\/uploads\/2017\/07\/facebook-whatspp-indeniza\u00e7\u00e3o.jpg\",\"keywords\":[\"facebook danos morais\",\"whatsapp danos morais\"],\"articleSection\":[\"Posts\"],\"inLanguage\":\"pt-PT\",\"potentialAction\":[{\"@type\":\"CommentAction\",\"name\":\"Comment\",\"target\":[\"https:\/\/advocaciapinheiro.com\/en\/facebook-whatsapp-danos-morais\/#respond\"]}]},{\"@type\":\"WebPage\",\"@id\":\"https:\/\/advocaciapinheiro.com\/en\/facebook-whatsapp-danos-morais\/\",\"url\":\"https:\/\/advocaciapinheiro.com\/en\/facebook-whatsapp-danos-morais\/\",\"name\":\"Facebook e Whatsapp podem causar danos morais, quando mal utilizados\",\"isPartOf\":{\"@id\":\"https:\/\/advocaciapinheiro.com\/en\/#website\"},\"primaryImageOfPage\":{\"@id\":\"https:\/\/advocaciapinheiro.com\/en\/facebook-whatsapp-danos-morais\/#primaryimage\"},\"image\":{\"@id\":\"https:\/\/advocaciapinheiro.com\/en\/facebook-whatsapp-danos-morais\/#primaryimage\"},\"thumbnailUrl\":\"https:\/\/advocaciapinheiro.com\/en\/wp-content\/uploads\/2017\/07\/facebook-whatspp-indeniza\u00e7\u00e3o.jpg\",\"datePublished\":\"2017-07-11T17:07:38+00:00\",\"dateModified\":\"2018-12-06T19:56:07+00:00\",\"description\":\"Uma mulher foi condenada a pagar indeniza\u00e7\u00e3o ao seu ex-companheiro, por discutir o relacionamento no Facebook, publicando ofensas contra este. Al\u00e9m disso...\",\"breadcrumb\":{\"@id\":\"https:\/\/advocaciapinheiro.com\/en\/facebook-whatsapp-danos-morais\/#breadcrumb\"},\"inLanguage\":\"pt-PT\",\"potentialAction\":[{\"@type\":\"ReadAction\",\"target\":[\"https:\/\/advocaciapinheiro.com\/en\/facebook-whatsapp-danos-morais\/\"]}]},{\"@type\":\"ImageObject\",\"inLanguage\":\"pt-PT\",\"@id\":\"https:\/\/advocaciapinheiro.com\/en\/facebook-whatsapp-danos-morais\/#primaryimage\",\"url\":\"https:\/\/advocaciapinheiro.com\/en\/wp-content\/uploads\/2017\/07\/facebook-whatspp-indeniza\u00e7\u00e3o.jpg\",\"contentUrl\":\"https:\/\/advocaciapinheiro.com\/en\/wp-content\/uploads\/2017\/07\/facebook-whatspp-indeniza\u00e7\u00e3o.jpg\",\"width\":340,\"height\":227,\"caption\":\"Facebook e Whatsapp podem gerar condena\u00e7\u00f5es\"},{\"@type\":\"BreadcrumbList\",\"@id\":\"https:\/\/advocaciapinheiro.com\/en\/facebook-whatsapp-danos-morais\/#breadcrumb\",\"itemListElement\":[{\"@type\":\"ListItem\",\"position\":1,\"name\":\"In\u00edcio\",\"item\":\"https:\/\/advocaciapinheiro.com\/en\/\"},{\"@type\":\"ListItem\",\"position\":2,\"name\":\"Facebook e Whatsapp podem causar danos morais, quando mal utilizados\"}]},{\"@type\":\"WebSite\",\"@id\":\"https:\/\/advocaciapinheiro.com\/en\/#website\",\"url\":\"https:\/\/advocaciapinheiro.com\/en\/\",\"name\":\"Advocacia Portugal | Imigra\u00e7\u00e3o\",\"description\":\"Advogados | Imigra\u00e7\u00e3o | Portugal\",\"publisher\":{\"@id\":\"https:\/\/advocaciapinheiro.com\/en\/#organization\"},\"potentialAction\":[{\"@type\":\"SearchAction\",\"target\":{\"@type\":\"EntryPoint\",\"urlTemplate\":\"https:\/\/advocaciapinheiro.com\/en\/?s={search_term_string}\"},\"query-input\":{\"@type\":\"PropertyValueSpecification\",\"valueRequired\":true,\"valueName\":\"search_term_string\"}}],\"inLanguage\":\"pt-PT\"},{\"@type\":\"Organization\",\"@id\":\"https:\/\/advocaciapinheiro.com\/en\/#organization\",\"name\":\"Advocacia Portugal | Imigra\u00e7\u00e3o\",\"url\":\"https:\/\/advocaciapinheiro.com\/en\/\",\"logo\":{\"@type\":\"ImageObject\",\"inLanguage\":\"pt-PT\",\"@id\":\"https:\/\/advocaciapinheiro.com\/en\/#\/schema\/logo\/image\/\",\"url\":\"https:\/\/advocaciapinheiro.com\/en\/wp-content\/uploads\/2024\/12\/advogado-cidadani-portugal-adriano-martins-pinheiro-logo.webp\",\"contentUrl\":\"https:\/\/advocaciapinheiro.com\/en\/wp-content\/uploads\/2024\/12\/advogado-cidadani-portugal-adriano-martins-pinheiro-logo.webp\",\"width\":1600,\"height\":568,\"caption\":\"Advocacia Portugal | Imigra\u00e7\u00e3o\"},\"image\":{\"@id\":\"https:\/\/advocaciapinheiro.com\/en\/#\/schema\/logo\/image\/\"},\"sameAs\":[\"https:\/\/www.facebook.com\/AdvocaciaAmPinheiro\",\"https:\/\/x.com\/sp_advogado\",\"https:\/\/www.instagram.com\/advocaciabrasilportugal\/\",\"https:\/\/www.facebook.com\/adrianomartinspinheiroadvocacia\",\"https:\/\/www.youtube.com\/user\/PinheiroLAW\"]},{\"@type\":\"Person\",\"@id\":\"https:\/\/advocaciapinheiro.com\/en\/#\/schema\/person\/b7cd817243740faca399f29054873fb8\",\"name\":\"Pinheiro\",\"image\":{\"@type\":\"ImageObject\",\"inLanguage\":\"pt-PT\",\"@id\":\"https:\/\/advocaciapinheiro.com\/en\/#\/schema\/person\/image\/\",\"url\":\"https:\/\/secure.gravatar.com\/avatar\/f7c804b99a019b968ee9fc812457d64c?s=96&d=mm&r=g\",\"contentUrl\":\"https:\/\/secure.gravatar.com\/avatar\/f7c804b99a019b968ee9fc812457d64c?s=96&d=mm&r=g\",\"caption\":\"Pinheiro\"},\"sameAs\":[\"https:\/\/advocaciapinheiro.com\/en\"],\"url\":\"https:\/\/advocaciapinheiro.com\/en\/author\/pinheiro\/\"}]}<\/script>\n<!-- \/ Yoast SEO Premium plugin. -->","yoast_head_json":{"title":"Facebook e Whatsapp podem causar danos morais, quando mal utilizados","description":"Uma mulher foi condenada a pagar indeniza\u00e7\u00e3o ao seu ex-companheiro, por discutir o relacionamento no Facebook, publicando ofensas contra este. Al\u00e9m disso...","robots":{"index":"index","follow":"follow","max-snippet":"max-snippet:-1","max-image-preview":"max-image-preview:large","max-video-preview":"max-video-preview:-1"},"canonical":"https:\/\/advocaciapinheiro.com\/en\/facebook-whatsapp-danos-morais\/","og_locale":"pt_PT","og_type":"article","og_title":"Facebook e Whatsapp podem causar danos morais, quando mal utilizados","og_description":"Uma mulher foi condenada a pagar indeniza\u00e7\u00e3o ao seu ex-companheiro, por discutir o relacionamento no Facebook, publicando ofensas contra este. Al\u00e9m disso...","og_url":"https:\/\/advocaciapinheiro.com\/en\/facebook-whatsapp-danos-morais\/","og_site_name":"Advocacia Portugal | Imigra\u00e7\u00e3o","article_publisher":"https:\/\/www.facebook.com\/AdvocaciaAmPinheiro","article_published_time":"2017-07-11T17:07:38+00:00","article_modified_time":"2018-12-06T19:56:07+00:00","og_image":[{"width":340,"height":227,"url":"https:\/\/advocaciapinheiro.com\/en\/wp-content\/uploads\/2017\/07\/facebook-whatspp-indeniza\u00e7\u00e3o.jpg","type":"image\/jpeg"}],"author":"Pinheiro","twitter_card":"summary_large_image","twitter_creator":"@sp_advogado","twitter_site":"@sp_advogado","twitter_misc":{"Escrito por":"Pinheiro","Tempo estimado de leitura":"3 minutos"},"schema":{"@context":"https:\/\/schema.org","@graph":[{"@type":"Article","@id":"https:\/\/advocaciapinheiro.com\/en\/facebook-whatsapp-danos-morais\/#article","isPartOf":{"@id":"https:\/\/advocaciapinheiro.com\/en\/facebook-whatsapp-danos-morais\/"},"author":{"name":"Pinheiro","@id":"https:\/\/advocaciapinheiro.com\/en\/#\/schema\/person\/b7cd817243740faca399f29054873fb8"},"headline":"Facebook e Whatsapp podem causar danos morais, quando mal utilizados","datePublished":"2017-07-11T17:07:38+00:00","dateModified":"2018-12-06T19:56:07+00:00","mainEntityOfPage":{"@id":"https:\/\/advocaciapinheiro.com\/en\/facebook-whatsapp-danos-morais\/"},"wordCount":645,"commentCount":0,"publisher":{"@id":"https:\/\/advocaciapinheiro.com\/en\/#organization"},"image":{"@id":"https:\/\/advocaciapinheiro.com\/en\/facebook-whatsapp-danos-morais\/#primaryimage"},"thumbnailUrl":"https:\/\/advocaciapinheiro.com\/en\/wp-content\/uploads\/2017\/07\/facebook-whatspp-indeniza\u00e7\u00e3o.jpg","keywords":["facebook danos morais","whatsapp danos morais"],"articleSection":["Posts"],"inLanguage":"pt-PT","potentialAction":[{"@type":"CommentAction","name":"Comment","target":["https:\/\/advocaciapinheiro.com\/en\/facebook-whatsapp-danos-morais\/#respond"]}]},{"@type":"WebPage","@id":"https:\/\/advocaciapinheiro.com\/en\/facebook-whatsapp-danos-morais\/","url":"https:\/\/advocaciapinheiro.com\/en\/facebook-whatsapp-danos-morais\/","name":"Facebook e Whatsapp podem causar danos morais, quando mal utilizados","isPartOf":{"@id":"https:\/\/advocaciapinheiro.com\/en\/#website"},"primaryImageOfPage":{"@id":"https:\/\/advocaciapinheiro.com\/en\/facebook-whatsapp-danos-morais\/#primaryimage"},"image":{"@id":"https:\/\/advocaciapinheiro.com\/en\/facebook-whatsapp-danos-morais\/#primaryimage"},"thumbnailUrl":"https:\/\/advocaciapinheiro.com\/en\/wp-content\/uploads\/2017\/07\/facebook-whatspp-indeniza\u00e7\u00e3o.jpg","datePublished":"2017-07-11T17:07:38+00:00","dateModified":"2018-12-06T19:56:07+00:00","description":"Uma mulher foi condenada a pagar indeniza\u00e7\u00e3o ao seu ex-companheiro, por discutir o relacionamento no Facebook, publicando ofensas contra este. Al\u00e9m disso...","breadcrumb":{"@id":"https:\/\/advocaciapinheiro.com\/en\/facebook-whatsapp-danos-morais\/#breadcrumb"},"inLanguage":"pt-PT","potentialAction":[{"@type":"ReadAction","target":["https:\/\/advocaciapinheiro.com\/en\/facebook-whatsapp-danos-morais\/"]}]},{"@type":"ImageObject","inLanguage":"pt-PT","@id":"https:\/\/advocaciapinheiro.com\/en\/facebook-whatsapp-danos-morais\/#primaryimage","url":"https:\/\/advocaciapinheiro.com\/en\/wp-content\/uploads\/2017\/07\/facebook-whatspp-indeniza\u00e7\u00e3o.jpg","contentUrl":"https:\/\/advocaciapinheiro.com\/en\/wp-content\/uploads\/2017\/07\/facebook-whatspp-indeniza\u00e7\u00e3o.jpg","width":340,"height":227,"caption":"Facebook e Whatsapp podem gerar condena\u00e7\u00f5es"},{"@type":"BreadcrumbList","@id":"https:\/\/advocaciapinheiro.com\/en\/facebook-whatsapp-danos-morais\/#breadcrumb","itemListElement":[{"@type":"ListItem","position":1,"name":"In\u00edcio","item":"https:\/\/advocaciapinheiro.com\/en\/"},{"@type":"ListItem","position":2,"name":"Facebook e Whatsapp podem causar danos morais, quando mal utilizados"}]},{"@type":"WebSite","@id":"https:\/\/advocaciapinheiro.com\/en\/#website","url":"https:\/\/advocaciapinheiro.com\/en\/","name":"Advocacia Portugal | Imigra\u00e7\u00e3o","description":"Advogados | Imigra\u00e7\u00e3o | Portugal","publisher":{"@id":"https:\/\/advocaciapinheiro.com\/en\/#organization"},"potentialAction":[{"@type":"SearchAction","target":{"@type":"EntryPoint","urlTemplate":"https:\/\/advocaciapinheiro.com\/en\/?s={search_term_string}"},"query-input":{"@type":"PropertyValueSpecification","valueRequired":true,"valueName":"search_term_string"}}],"inLanguage":"pt-PT"},{"@type":"Organization","@id":"https:\/\/advocaciapinheiro.com\/en\/#organization","name":"Advocacia Portugal | Imigra\u00e7\u00e3o","url":"https:\/\/advocaciapinheiro.com\/en\/","logo":{"@type":"ImageObject","inLanguage":"pt-PT","@id":"https:\/\/advocaciapinheiro.com\/en\/#\/schema\/logo\/image\/","url":"https:\/\/advocaciapinheiro.com\/en\/wp-content\/uploads\/2024\/12\/advogado-cidadani-portugal-adriano-martins-pinheiro-logo.webp","contentUrl":"https:\/\/advocaciapinheiro.com\/en\/wp-content\/uploads\/2024\/12\/advogado-cidadani-portugal-adriano-martins-pinheiro-logo.webp","width":1600,"height":568,"caption":"Advocacia Portugal | Imigra\u00e7\u00e3o"},"image":{"@id":"https:\/\/advocaciapinheiro.com\/en\/#\/schema\/logo\/image\/"},"sameAs":["https:\/\/www.facebook.com\/AdvocaciaAmPinheiro","https:\/\/x.com\/sp_advogado","https:\/\/www.instagram.com\/advocaciabrasilportugal\/","https:\/\/www.facebook.com\/adrianomartinspinheiroadvocacia","https:\/\/www.youtube.com\/user\/PinheiroLAW"]},{"@type":"Person","@id":"https:\/\/advocaciapinheiro.com\/en\/#\/schema\/person\/b7cd817243740faca399f29054873fb8","name":"Pinheiro","image":{"@type":"ImageObject","inLanguage":"pt-PT","@id":"https:\/\/advocaciapinheiro.com\/en\/#\/schema\/person\/image\/","url":"https:\/\/secure.gravatar.com\/avatar\/f7c804b99a019b968ee9fc812457d64c?s=96&d=mm&r=g","contentUrl":"https:\/\/secure.gravatar.com\/avatar\/f7c804b99a019b968ee9fc812457d64c?s=96&d=mm&r=g","caption":"Pinheiro"},"sameAs":["https:\/\/advocaciapinheiro.com\/en"],"url":"https:\/\/advocaciapinheiro.com\/en\/author\/pinheiro\/"}]}},"_links":{"self":[{"href":"https:\/\/advocaciapinheiro.com\/en\/wp-json\/wp\/v2\/posts\/3069","targetHints":{"allow":["GET"]}}],"collection":[{"href":"https:\/\/advocaciapinheiro.com\/en\/wp-json\/wp\/v2\/posts"}],"about":[{"href":"https:\/\/advocaciapinheiro.com\/en\/wp-json\/wp\/v2\/types\/post"}],"author":[{"embeddable":true,"href":"https:\/\/advocaciapinheiro.com\/en\/wp-json\/wp\/v2\/users\/2"}],"replies":[{"embeddable":true,"href":"https:\/\/advocaciapinheiro.com\/en\/wp-json\/wp\/v2\/comments?post=3069"}],"version-history":[{"count":1,"href":"https:\/\/advocaciapinheiro.com\/en\/wp-json\/wp\/v2\/posts\/3069\/revisions"}],"predecessor-version":[{"id":4515,"href":"https:\/\/advocaciapinheiro.com\/en\/wp-json\/wp\/v2\/posts\/3069\/revisions\/4515"}],"wp:featuredmedia":[{"embeddable":true,"href":"https:\/\/advocaciapinheiro.com\/en\/wp-json\/wp\/v2\/media\/3070"}],"wp:attachment":[{"href":"https:\/\/advocaciapinheiro.com\/en\/wp-json\/wp\/v2\/media?parent=3069"}],"wp:term":[{"taxonomy":"category","embeddable":true,"href":"https:\/\/advocaciapinheiro.com\/en\/wp-json\/wp\/v2\/categories?post=3069"},{"taxonomy":"post_tag","embeddable":true,"href":"https:\/\/advocaciapinheiro.com\/en\/wp-json\/wp\/v2\/tags?post=3069"}],"curies":[{"name":"wp","href":"https:\/\/api.w.org\/{rel}","templated":true}]}}