{"id":3211,"date":"2017-08-08T14:11:23","date_gmt":"2017-08-08T17:11:23","guid":{"rendered":"http:\/\/advocaciapinheiro.adv.br\/?p=3211"},"modified":"2018-12-06T19:56:06","modified_gmt":"2018-12-06T19:56:06","slug":"declaracao-de-uniao-estavel-em-cartorio","status":"publish","type":"post","link":"https:\/\/advocaciapinheiro.com\/en\/declaracao-de-uniao-estavel-em-cartorio\/","title":{"rendered":"Declara\u00e7\u00e3o de Uni\u00e3o est\u00e1vel: Voc\u00ea sabe da import\u00e2ncia?"},"content":{"rendered":"<p><strong>I &#8211; Introdu\u00e7\u00e3o<\/strong><\/p>\n<p>Certa feita, recebi um cliente bastante preocupado em &#8220;perder&#8221; seu apartamento e ve\u00edculo, em raz\u00e3o de uma poss\u00edvel a\u00e7\u00e3o litigiosa, em que a outra parte alegava a exist\u00eancia de uni\u00e3o est\u00e1vel e pedia a <strong>partilha dos bens (50%)<\/strong>.<\/p>\n<p>Naquele caso, a resposta indigesta foi no sentido de que, sim, o interessado poderia ter que partilhar seus bens com a outra parte.<\/p>\n<p>H\u00e1 mais problemas relacionados a uni\u00e3o est\u00e1vel n\u00e3o declarada. Se, por exemplo, um dos conviventes falecer, o outro ter\u00e1 que comprovar, por meio judicial, a exist\u00eancia da uni\u00e3o, a fim de ter direito \u00e0 <strong>partilha do invent\u00e1rio<\/strong>. Da mesma forma, o(a) companheiro(a) sobrevivente deve comprovar a uni\u00e3o est\u00e1vel, para conseguir eventuais <strong>benef\u00edcios previdenci\u00e1rios<\/strong>.<\/p>\n<p><strong>II &#8211; Como evitar brigas na justi\u00e7a?<\/strong><\/p>\n<p>Em se tratando de processo judicial, vale lembrar que, a tramita\u00e7\u00e3o pode levar anos, al\u00e9m de haver necessidade de pagamento de honor\u00e1rios advocat\u00edcios, despesas e custas processuais etc., al\u00e9m do risco de o juiz indeferir o pedido, \u00e9 claro.<\/p>\n<p><strong>Arriscar n\u00e3o faz sentido, tendo em vista que, as partes s\u00e3o livres para declarar a uni\u00e3o est\u00e1vel e, ainda, escolher se v\u00e3o, ou n\u00e3o, partilhar os bens adquiridos durante a conviv\u00eancia.<\/strong><\/p>\n<p>A forma mais confi\u00e1vel \u00e9 realizar o procedimento em cart\u00f3rio de notas, por meio de uma \u201cescritura p\u00fablica de contrato de uni\u00e3o est\u00e1vel\u201d.<\/p>\n<p>Assim, o casal pode escolher, por exemplo, a &#8220;separa\u00e7\u00e3o total&#8221; dos bens. Nesse caso, se houver o rompimento da rela\u00e7\u00e3o, n\u00e3o haver\u00e1 raz\u00e3o para um processo judicial litigioso, pois j\u00e1 houve uma pr\u00e9via escolha acerca da divis\u00e3o de bens.<\/p>\n<p>Da mesma forma, os conviventes podem escolher a comunh\u00e3o parcial dos bens. Assim, tudo o que for adquirido durante a uni\u00e3o ser\u00e1 de ambos. Em tais casos, a partilha de 50% j\u00e1 est\u00e1 definida e ambos s\u00e3o &#8211; ou ser\u00e3o &#8211; obrigados a dividir os bens.<\/p>\n<p>Ainda h\u00e1 a op\u00e7\u00e3o de o casal escolher a comunh\u00e3o universal de bens para a uni\u00e3o est\u00e1vel. Trata-se de um ato muito s\u00e9rio, em que se recomenda extrema cautela.<\/p>\n<p>Como j\u00e1 dito, o procedimento em cart\u00f3rio de notas evita toda esta discuss\u00e3o, temor e incertezas.<\/p>\n<p><strong>III &#8211; E se apenas um pagou pelos bens?<\/strong><\/p>\n<p>Essa \u00e9 uma d\u00favida muito corriqueira e h\u00e1 muita pol\u00eamica acerca do tema.<\/p>\n<p>Por hora, basta mencionar que a jurisprud\u00eancia majorit\u00e1ria entende que n\u00e3o h\u00e1 a necessidade de comprovar quem trabalhou, pagou ou adquiriu os bens, cabendo, apenas, partilhar os bens em partes iguais. Trata-se da presun\u00e7\u00e3o de esfor\u00e7o comum.<\/p>\n<p><strong>Conclus\u00e3o<\/strong><\/p>\n<p>O reconhecimento da uni\u00e3o est\u00e1vel pode gerar outros direitos, como a autoriza\u00e7\u00e3o judicial para saques em conta-corrente do falecido (alvar\u00e1 judicial), benef\u00edcios previdenci\u00e1rios etc.<\/p>\n<p>Como j\u00e1 exposto, a declara\u00e7\u00e3o de uni\u00e3o est\u00e1vel buscada no poder judici\u00e1rio pode levar anos, al\u00e9m da incerteza, quanto ao \u00eaxito da a\u00e7\u00e3o.<\/p>\n<p><strong><em>Adriano Martins Pinheiro \u00e9 advogado em S\u00e3o Paulo, articulista e palestrante<\/em><\/strong><\/p>\n<p>&nbsp;<\/p>\n<p>Fonte: Advocacia AM Pinheiro<\/p>\n","protected":false},"excerpt":{"rendered":"<p>I &#8211; Introdu\u00e7\u00e3o Certa feita, recebi um cliente bastante preocupado em &#8220;perder&#8221; seu apartamento e ve\u00edculo, em raz\u00e3o de uma poss\u00edvel a\u00e7\u00e3o litigiosa, em que a outra parte alegava a exist\u00eancia de uni\u00e3o est\u00e1vel e pedia a partilha dos bens (50%). Naquele caso, a resposta indigesta foi no sentido de que, sim, o interessado poderia [&hellip;]<\/p>\n","protected":false},"author":2,"featured_media":3212,"comment_status":"open","ping_status":"open","sticky":false,"template":"","format":"standard","meta":{"footnotes":""},"categories":[2],"tags":[327,328,329,330],"class_list":["post-3211","post","type-post","status-publish","format-standard","has-post-thumbnail","hentry","category-posts","tag-escritura-publica-de-contrato-de-uniao-estavel","tag-uniao-estavel-cartorio","tag-uniao-estavel-inventario","tag-uniao-estavel-separacao"],"yoast_head":"<!-- This site is optimized with the Yoast SEO Premium plugin v23.8 (Yoast SEO v24.1) - https:\/\/yoast.com\/wordpress\/plugins\/seo\/ -->\n<title>Declara\u00e7\u00e3o de Uni\u00e3o est\u00e1vel: Voc\u00ea sabe da import\u00e2ncia?<\/title>\n<meta name=\"description\" content=\"Naquele caso, a resposta indigesta foi no sentido de que, sim, o interessado poderia ter que partilhar seus bens com a outra parte.\" \/>\n<meta name=\"robots\" content=\"index, follow, max-snippet:-1, max-image-preview:large, max-video-preview:-1\" \/>\n<link rel=\"canonical\" href=\"https:\/\/advocaciapinheiro.com\/en\/declaracao-de-uniao-estavel-em-cartorio\/\" \/>\n<meta property=\"og:locale\" content=\"pt_PT\" \/>\n<meta property=\"og:type\" content=\"article\" \/>\n<meta property=\"og:title\" content=\"Declara\u00e7\u00e3o de Uni\u00e3o est\u00e1vel: Voc\u00ea sabe da import\u00e2ncia?\" \/>\n<meta property=\"og:description\" content=\"Naquele caso, a resposta indigesta foi no sentido de que, sim, o interessado poderia ter que partilhar seus bens com a outra parte.\" \/>\n<meta property=\"og:url\" content=\"https:\/\/advocaciapinheiro.com\/en\/declaracao-de-uniao-estavel-em-cartorio\/\" \/>\n<meta property=\"og:site_name\" content=\"Advocacia Portugal | Imigra\u00e7\u00e3o\" \/>\n<meta property=\"article:publisher\" content=\"https:\/\/www.facebook.com\/AdvocaciaAmPinheiro\" \/>\n<meta property=\"article:published_time\" content=\"2017-08-08T17:11:23+00:00\" \/>\n<meta property=\"article:modified_time\" content=\"2018-12-06T19:56:06+00:00\" \/>\n<meta property=\"og:image\" content=\"https:\/\/advocaciapinheiro.com\/en\/wp-content\/uploads\/2017\/08\/declara\u00e7\u00e3o-uni\u00e3o-est\u00e1vel.jpg\" \/>\n\t<meta property=\"og:image:width\" content=\"620\" \/>\n\t<meta property=\"og:image:height\" content=\"465\" \/>\n\t<meta property=\"og:image:type\" content=\"image\/jpeg\" \/>\n<meta name=\"author\" content=\"Pinheiro\" \/>\n<meta name=\"twitter:card\" content=\"summary_large_image\" \/>\n<meta name=\"twitter:creator\" content=\"@sp_advogado\" \/>\n<meta name=\"twitter:site\" content=\"@sp_advogado\" \/>\n<meta name=\"twitter:label1\" content=\"Escrito por\" \/>\n\t<meta name=\"twitter:data1\" content=\"Pinheiro\" \/>\n\t<meta name=\"twitter:label2\" content=\"Tempo estimado de leitura\" \/>\n\t<meta name=\"twitter:data2\" content=\"3 minutos\" \/>\n<script type=\"application\/ld+json\" class=\"yoast-schema-graph\">{\"@context\":\"https:\/\/schema.org\",\"@graph\":[{\"@type\":\"Article\",\"@id\":\"https:\/\/advocaciapinheiro.com\/en\/declaracao-de-uniao-estavel-em-cartorio\/#article\",\"isPartOf\":{\"@id\":\"https:\/\/advocaciapinheiro.com\/en\/declaracao-de-uniao-estavel-em-cartorio\/\"},\"author\":{\"name\":\"Pinheiro\",\"@id\":\"https:\/\/advocaciapinheiro.com\/en\/#\/schema\/person\/b7cd817243740faca399f29054873fb8\"},\"headline\":\"Declara\u00e7\u00e3o de Uni\u00e3o est\u00e1vel: Voc\u00ea sabe da import\u00e2ncia?\",\"datePublished\":\"2017-08-08T17:11:23+00:00\",\"dateModified\":\"2018-12-06T19:56:06+00:00\",\"mainEntityOfPage\":{\"@id\":\"https:\/\/advocaciapinheiro.com\/en\/declaracao-de-uniao-estavel-em-cartorio\/\"},\"wordCount\":550,\"commentCount\":0,\"publisher\":{\"@id\":\"https:\/\/advocaciapinheiro.com\/en\/#organization\"},\"image\":{\"@id\":\"https:\/\/advocaciapinheiro.com\/en\/declaracao-de-uniao-estavel-em-cartorio\/#primaryimage\"},\"thumbnailUrl\":\"https:\/\/advocaciapinheiro.com\/en\/wp-content\/uploads\/2017\/08\/declara\u00e7\u00e3o-uni\u00e3o-est\u00e1vel.jpg\",\"keywords\":[\"escritura p\u00fablica de contrato de uni\u00e3o est\u00e1vel\",\"uni\u00e3o est\u00e1vel cart\u00f3rio\",\"uni\u00e3o est\u00e1vel invent\u00e1rio\",\"uni\u00e3o est\u00e1vel separa\u00e7\u00e3o\"],\"articleSection\":[\"Posts\"],\"inLanguage\":\"pt-PT\",\"potentialAction\":[{\"@type\":\"CommentAction\",\"name\":\"Comment\",\"target\":[\"https:\/\/advocaciapinheiro.com\/en\/declaracao-de-uniao-estavel-em-cartorio\/#respond\"]}]},{\"@type\":\"WebPage\",\"@id\":\"https:\/\/advocaciapinheiro.com\/en\/declaracao-de-uniao-estavel-em-cartorio\/\",\"url\":\"https:\/\/advocaciapinheiro.com\/en\/declaracao-de-uniao-estavel-em-cartorio\/\",\"name\":\"Declara\u00e7\u00e3o de Uni\u00e3o est\u00e1vel: Voc\u00ea sabe da import\u00e2ncia?\",\"isPartOf\":{\"@id\":\"https:\/\/advocaciapinheiro.com\/en\/#website\"},\"primaryImageOfPage\":{\"@id\":\"https:\/\/advocaciapinheiro.com\/en\/declaracao-de-uniao-estavel-em-cartorio\/#primaryimage\"},\"image\":{\"@id\":\"https:\/\/advocaciapinheiro.com\/en\/declaracao-de-uniao-estavel-em-cartorio\/#primaryimage\"},\"thumbnailUrl\":\"https:\/\/advocaciapinheiro.com\/en\/wp-content\/uploads\/2017\/08\/declara\u00e7\u00e3o-uni\u00e3o-est\u00e1vel.jpg\",\"datePublished\":\"2017-08-08T17:11:23+00:00\",\"dateModified\":\"2018-12-06T19:56:06+00:00\",\"description\":\"Naquele caso, a resposta indigesta foi no sentido de que, sim, o interessado poderia ter que partilhar seus bens com a outra parte.\",\"breadcrumb\":{\"@id\":\"https:\/\/advocaciapinheiro.com\/en\/declaracao-de-uniao-estavel-em-cartorio\/#breadcrumb\"},\"inLanguage\":\"pt-PT\",\"potentialAction\":[{\"@type\":\"ReadAction\",\"target\":[\"https:\/\/advocaciapinheiro.com\/en\/declaracao-de-uniao-estavel-em-cartorio\/\"]}]},{\"@type\":\"ImageObject\",\"inLanguage\":\"pt-PT\",\"@id\":\"https:\/\/advocaciapinheiro.com\/en\/declaracao-de-uniao-estavel-em-cartorio\/#primaryimage\",\"url\":\"https:\/\/advocaciapinheiro.com\/en\/wp-content\/uploads\/2017\/08\/declara\u00e7\u00e3o-uni\u00e3o-est\u00e1vel.jpg\",\"contentUrl\":\"https:\/\/advocaciapinheiro.com\/en\/wp-content\/uploads\/2017\/08\/declara\u00e7\u00e3o-uni\u00e3o-est\u00e1vel.jpg\",\"width\":620,\"height\":465,\"caption\":\"escritura p\u00fablica de contrato de uni\u00e3o est\u00e1vel\"},{\"@type\":\"BreadcrumbList\",\"@id\":\"https:\/\/advocaciapinheiro.com\/en\/declaracao-de-uniao-estavel-em-cartorio\/#breadcrumb\",\"itemListElement\":[{\"@type\":\"ListItem\",\"position\":1,\"name\":\"In\u00edcio\",\"item\":\"https:\/\/advocaciapinheiro.com\/en\/\"},{\"@type\":\"ListItem\",\"position\":2,\"name\":\"Declara\u00e7\u00e3o de Uni\u00e3o est\u00e1vel: Voc\u00ea sabe da import\u00e2ncia?\"}]},{\"@type\":\"WebSite\",\"@id\":\"https:\/\/advocaciapinheiro.com\/en\/#website\",\"url\":\"https:\/\/advocaciapinheiro.com\/en\/\",\"name\":\"Advocacia Portugal | Imigra\u00e7\u00e3o\",\"description\":\"Advogados | Imigra\u00e7\u00e3o | Portugal\",\"publisher\":{\"@id\":\"https:\/\/advocaciapinheiro.com\/en\/#organization\"},\"potentialAction\":[{\"@type\":\"SearchAction\",\"target\":{\"@type\":\"EntryPoint\",\"urlTemplate\":\"https:\/\/advocaciapinheiro.com\/en\/?s={search_term_string}\"},\"query-input\":{\"@type\":\"PropertyValueSpecification\",\"valueRequired\":true,\"valueName\":\"search_term_string\"}}],\"inLanguage\":\"pt-PT\"},{\"@type\":\"Organization\",\"@id\":\"https:\/\/advocaciapinheiro.com\/en\/#organization\",\"name\":\"Advocacia Portugal | Imigra\u00e7\u00e3o\",\"url\":\"https:\/\/advocaciapinheiro.com\/en\/\",\"logo\":{\"@type\":\"ImageObject\",\"inLanguage\":\"pt-PT\",\"@id\":\"https:\/\/advocaciapinheiro.com\/en\/#\/schema\/logo\/image\/\",\"url\":\"https:\/\/advocaciapinheiro.com\/en\/wp-content\/uploads\/2024\/12\/advogado-cidadani-portugal-adriano-martins-pinheiro-logo.webp\",\"contentUrl\":\"https:\/\/advocaciapinheiro.com\/en\/wp-content\/uploads\/2024\/12\/advogado-cidadani-portugal-adriano-martins-pinheiro-logo.webp\",\"width\":1600,\"height\":568,\"caption\":\"Advocacia Portugal | Imigra\u00e7\u00e3o\"},\"image\":{\"@id\":\"https:\/\/advocaciapinheiro.com\/en\/#\/schema\/logo\/image\/\"},\"sameAs\":[\"https:\/\/www.facebook.com\/AdvocaciaAmPinheiro\",\"https:\/\/x.com\/sp_advogado\",\"https:\/\/www.instagram.com\/advocaciabrasilportugal\/\",\"https:\/\/www.facebook.com\/adrianomartinspinheiroadvocacia\",\"https:\/\/www.youtube.com\/user\/PinheiroLAW\"]},{\"@type\":\"Person\",\"@id\":\"https:\/\/advocaciapinheiro.com\/en\/#\/schema\/person\/b7cd817243740faca399f29054873fb8\",\"name\":\"Pinheiro\",\"image\":{\"@type\":\"ImageObject\",\"inLanguage\":\"pt-PT\",\"@id\":\"https:\/\/advocaciapinheiro.com\/en\/#\/schema\/person\/image\/\",\"url\":\"https:\/\/secure.gravatar.com\/avatar\/f7c804b99a019b968ee9fc812457d64c?s=96&d=mm&r=g\",\"contentUrl\":\"https:\/\/secure.gravatar.com\/avatar\/f7c804b99a019b968ee9fc812457d64c?s=96&d=mm&r=g\",\"caption\":\"Pinheiro\"},\"sameAs\":[\"https:\/\/advocaciapinheiro.com\/en\"],\"url\":\"https:\/\/advocaciapinheiro.com\/en\/author\/pinheiro\/\"}]}<\/script>\n<!-- \/ Yoast SEO Premium plugin. -->","yoast_head_json":{"title":"Declara\u00e7\u00e3o de Uni\u00e3o est\u00e1vel: Voc\u00ea sabe da import\u00e2ncia?","description":"Naquele caso, a resposta indigesta foi no sentido de que, sim, o interessado poderia ter que partilhar seus bens com a outra parte.","robots":{"index":"index","follow":"follow","max-snippet":"max-snippet:-1","max-image-preview":"max-image-preview:large","max-video-preview":"max-video-preview:-1"},"canonical":"https:\/\/advocaciapinheiro.com\/en\/declaracao-de-uniao-estavel-em-cartorio\/","og_locale":"pt_PT","og_type":"article","og_title":"Declara\u00e7\u00e3o de Uni\u00e3o est\u00e1vel: Voc\u00ea sabe da import\u00e2ncia?","og_description":"Naquele caso, a resposta indigesta foi no sentido de que, sim, o interessado poderia ter que partilhar seus bens com a outra parte.","og_url":"https:\/\/advocaciapinheiro.com\/en\/declaracao-de-uniao-estavel-em-cartorio\/","og_site_name":"Advocacia Portugal | Imigra\u00e7\u00e3o","article_publisher":"https:\/\/www.facebook.com\/AdvocaciaAmPinheiro","article_published_time":"2017-08-08T17:11:23+00:00","article_modified_time":"2018-12-06T19:56:06+00:00","og_image":[{"width":620,"height":465,"url":"https:\/\/advocaciapinheiro.com\/en\/wp-content\/uploads\/2017\/08\/declara\u00e7\u00e3o-uni\u00e3o-est\u00e1vel.jpg","type":"image\/jpeg"}],"author":"Pinheiro","twitter_card":"summary_large_image","twitter_creator":"@sp_advogado","twitter_site":"@sp_advogado","twitter_misc":{"Escrito por":"Pinheiro","Tempo estimado de leitura":"3 minutos"},"schema":{"@context":"https:\/\/schema.org","@graph":[{"@type":"Article","@id":"https:\/\/advocaciapinheiro.com\/en\/declaracao-de-uniao-estavel-em-cartorio\/#article","isPartOf":{"@id":"https:\/\/advocaciapinheiro.com\/en\/declaracao-de-uniao-estavel-em-cartorio\/"},"author":{"name":"Pinheiro","@id":"https:\/\/advocaciapinheiro.com\/en\/#\/schema\/person\/b7cd817243740faca399f29054873fb8"},"headline":"Declara\u00e7\u00e3o de Uni\u00e3o est\u00e1vel: Voc\u00ea sabe da import\u00e2ncia?","datePublished":"2017-08-08T17:11:23+00:00","dateModified":"2018-12-06T19:56:06+00:00","mainEntityOfPage":{"@id":"https:\/\/advocaciapinheiro.com\/en\/declaracao-de-uniao-estavel-em-cartorio\/"},"wordCount":550,"commentCount":0,"publisher":{"@id":"https:\/\/advocaciapinheiro.com\/en\/#organization"},"image":{"@id":"https:\/\/advocaciapinheiro.com\/en\/declaracao-de-uniao-estavel-em-cartorio\/#primaryimage"},"thumbnailUrl":"https:\/\/advocaciapinheiro.com\/en\/wp-content\/uploads\/2017\/08\/declara\u00e7\u00e3o-uni\u00e3o-est\u00e1vel.jpg","keywords":["escritura p\u00fablica de contrato de uni\u00e3o est\u00e1vel","uni\u00e3o est\u00e1vel cart\u00f3rio","uni\u00e3o est\u00e1vel invent\u00e1rio","uni\u00e3o est\u00e1vel separa\u00e7\u00e3o"],"articleSection":["Posts"],"inLanguage":"pt-PT","potentialAction":[{"@type":"CommentAction","name":"Comment","target":["https:\/\/advocaciapinheiro.com\/en\/declaracao-de-uniao-estavel-em-cartorio\/#respond"]}]},{"@type":"WebPage","@id":"https:\/\/advocaciapinheiro.com\/en\/declaracao-de-uniao-estavel-em-cartorio\/","url":"https:\/\/advocaciapinheiro.com\/en\/declaracao-de-uniao-estavel-em-cartorio\/","name":"Declara\u00e7\u00e3o de Uni\u00e3o est\u00e1vel: Voc\u00ea sabe da import\u00e2ncia?","isPartOf":{"@id":"https:\/\/advocaciapinheiro.com\/en\/#website"},"primaryImageOfPage":{"@id":"https:\/\/advocaciapinheiro.com\/en\/declaracao-de-uniao-estavel-em-cartorio\/#primaryimage"},"image":{"@id":"https:\/\/advocaciapinheiro.com\/en\/declaracao-de-uniao-estavel-em-cartorio\/#primaryimage"},"thumbnailUrl":"https:\/\/advocaciapinheiro.com\/en\/wp-content\/uploads\/2017\/08\/declara\u00e7\u00e3o-uni\u00e3o-est\u00e1vel.jpg","datePublished":"2017-08-08T17:11:23+00:00","dateModified":"2018-12-06T19:56:06+00:00","description":"Naquele caso, a resposta indigesta foi no sentido de que, sim, o interessado poderia ter que partilhar seus bens com a outra parte.","breadcrumb":{"@id":"https:\/\/advocaciapinheiro.com\/en\/declaracao-de-uniao-estavel-em-cartorio\/#breadcrumb"},"inLanguage":"pt-PT","potentialAction":[{"@type":"ReadAction","target":["https:\/\/advocaciapinheiro.com\/en\/declaracao-de-uniao-estavel-em-cartorio\/"]}]},{"@type":"ImageObject","inLanguage":"pt-PT","@id":"https:\/\/advocaciapinheiro.com\/en\/declaracao-de-uniao-estavel-em-cartorio\/#primaryimage","url":"https:\/\/advocaciapinheiro.com\/en\/wp-content\/uploads\/2017\/08\/declara\u00e7\u00e3o-uni\u00e3o-est\u00e1vel.jpg","contentUrl":"https:\/\/advocaciapinheiro.com\/en\/wp-content\/uploads\/2017\/08\/declara\u00e7\u00e3o-uni\u00e3o-est\u00e1vel.jpg","width":620,"height":465,"caption":"escritura p\u00fablica de contrato de uni\u00e3o est\u00e1vel"},{"@type":"BreadcrumbList","@id":"https:\/\/advocaciapinheiro.com\/en\/declaracao-de-uniao-estavel-em-cartorio\/#breadcrumb","itemListElement":[{"@type":"ListItem","position":1,"name":"In\u00edcio","item":"https:\/\/advocaciapinheiro.com\/en\/"},{"@type":"ListItem","position":2,"name":"Declara\u00e7\u00e3o de Uni\u00e3o est\u00e1vel: Voc\u00ea sabe da import\u00e2ncia?"}]},{"@type":"WebSite","@id":"https:\/\/advocaciapinheiro.com\/en\/#website","url":"https:\/\/advocaciapinheiro.com\/en\/","name":"Advocacia Portugal | Imigra\u00e7\u00e3o","description":"Advogados | Imigra\u00e7\u00e3o | Portugal","publisher":{"@id":"https:\/\/advocaciapinheiro.com\/en\/#organization"},"potentialAction":[{"@type":"SearchAction","target":{"@type":"EntryPoint","urlTemplate":"https:\/\/advocaciapinheiro.com\/en\/?s={search_term_string}"},"query-input":{"@type":"PropertyValueSpecification","valueRequired":true,"valueName":"search_term_string"}}],"inLanguage":"pt-PT"},{"@type":"Organization","@id":"https:\/\/advocaciapinheiro.com\/en\/#organization","name":"Advocacia Portugal | Imigra\u00e7\u00e3o","url":"https:\/\/advocaciapinheiro.com\/en\/","logo":{"@type":"ImageObject","inLanguage":"pt-PT","@id":"https:\/\/advocaciapinheiro.com\/en\/#\/schema\/logo\/image\/","url":"https:\/\/advocaciapinheiro.com\/en\/wp-content\/uploads\/2024\/12\/advogado-cidadani-portugal-adriano-martins-pinheiro-logo.webp","contentUrl":"https:\/\/advocaciapinheiro.com\/en\/wp-content\/uploads\/2024\/12\/advogado-cidadani-portugal-adriano-martins-pinheiro-logo.webp","width":1600,"height":568,"caption":"Advocacia Portugal | Imigra\u00e7\u00e3o"},"image":{"@id":"https:\/\/advocaciapinheiro.com\/en\/#\/schema\/logo\/image\/"},"sameAs":["https:\/\/www.facebook.com\/AdvocaciaAmPinheiro","https:\/\/x.com\/sp_advogado","https:\/\/www.instagram.com\/advocaciabrasilportugal\/","https:\/\/www.facebook.com\/adrianomartinspinheiroadvocacia","https:\/\/www.youtube.com\/user\/PinheiroLAW"]},{"@type":"Person","@id":"https:\/\/advocaciapinheiro.com\/en\/#\/schema\/person\/b7cd817243740faca399f29054873fb8","name":"Pinheiro","image":{"@type":"ImageObject","inLanguage":"pt-PT","@id":"https:\/\/advocaciapinheiro.com\/en\/#\/schema\/person\/image\/","url":"https:\/\/secure.gravatar.com\/avatar\/f7c804b99a019b968ee9fc812457d64c?s=96&d=mm&r=g","contentUrl":"https:\/\/secure.gravatar.com\/avatar\/f7c804b99a019b968ee9fc812457d64c?s=96&d=mm&r=g","caption":"Pinheiro"},"sameAs":["https:\/\/advocaciapinheiro.com\/en"],"url":"https:\/\/advocaciapinheiro.com\/en\/author\/pinheiro\/"}]}},"_links":{"self":[{"href":"https:\/\/advocaciapinheiro.com\/en\/wp-json\/wp\/v2\/posts\/3211","targetHints":{"allow":["GET"]}}],"collection":[{"href":"https:\/\/advocaciapinheiro.com\/en\/wp-json\/wp\/v2\/posts"}],"about":[{"href":"https:\/\/advocaciapinheiro.com\/en\/wp-json\/wp\/v2\/types\/post"}],"author":[{"embeddable":true,"href":"https:\/\/advocaciapinheiro.com\/en\/wp-json\/wp\/v2\/users\/2"}],"replies":[{"embeddable":true,"href":"https:\/\/advocaciapinheiro.com\/en\/wp-json\/wp\/v2\/comments?post=3211"}],"version-history":[{"count":1,"href":"https:\/\/advocaciapinheiro.com\/en\/wp-json\/wp\/v2\/posts\/3211\/revisions"}],"predecessor-version":[{"id":4477,"href":"https:\/\/advocaciapinheiro.com\/en\/wp-json\/wp\/v2\/posts\/3211\/revisions\/4477"}],"wp:featuredmedia":[{"embeddable":true,"href":"https:\/\/advocaciapinheiro.com\/en\/wp-json\/wp\/v2\/media\/3212"}],"wp:attachment":[{"href":"https:\/\/advocaciapinheiro.com\/en\/wp-json\/wp\/v2\/media?parent=3211"}],"wp:term":[{"taxonomy":"category","embeddable":true,"href":"https:\/\/advocaciapinheiro.com\/en\/wp-json\/wp\/v2\/categories?post=3211"},{"taxonomy":"post_tag","embeddable":true,"href":"https:\/\/advocaciapinheiro.com\/en\/wp-json\/wp\/v2\/tags?post=3211"}],"curies":[{"name":"wp","href":"https:\/\/api.w.org\/{rel}","templated":true}]}}