{"id":3486,"date":"2017-09-21T17:21:23","date_gmt":"2017-09-21T20:21:23","guid":{"rendered":"http:\/\/advocaciapinheiro.adv.br\/?p=3486"},"modified":"2018-12-06T19:54:49","modified_gmt":"2018-12-06T19:54:49","slug":"18-anos-mudar-nome","status":"publish","type":"post","link":"https:\/\/advocaciapinheiro.com\/en\/18-anos-mudar-nome\/","title":{"rendered":"Jovens com 18 anos podem mudar o pr\u00f3prio nome"},"content":{"rendered":"<p>\u00c9 isso mesmo, ao nascer, o beb\u00ea recebe um nome escolhido pelos pais, que \u00e9 registrado em certid\u00e3o de nascimento. Ao completar 18 anos de idade, o jovem pode trocar o nome por um outro de sua escolha.<\/p>\n<p>O pedido pode ser realizado sem a necessidade de justificar ou apresentar os motivos da mudan\u00e7a, desde que seja feito antes de o jovem completar 19 anos de idade.<\/p>\n<p>Se a pessoa tem mais de 19 anos, poder\u00e1 fazer o pedido de mudan\u00e7a, mas ter\u00e1 que justificar, ou seja, ter\u00e1 que provar que seu nome causa constrangimento, humilha\u00e7\u00e3o etc. Em raz\u00e3o disso, o interessado tem que realizar o pedido logo ao completar a maioridade.<\/p>\n<p>A autoriza\u00e7\u00e3o para alterar o nome est\u00e1 no artigo 56, da Lei n\u00ba. 6.015\/73, denominada Lei de Registros P\u00fablicos. Veja o que diz o artigo:<\/p>\n<blockquote><p>\u201cArt. 56. O interessado, no primeiro ano ap\u00f3s ter atingido a maioridade civil, poder\u00e1, pessoalmente ou por procurador bastante, alterar o nome, desde que n\u00e3o prejudique os apelidos de fam\u00edlia, averbando-se a altera\u00e7\u00e3o que ser\u00e1 publicada pela imprensa\u201d.<\/p><\/blockquote>\n<p>Como se v\u00ea, o artigo supratranscrito n\u00e3o exige justificativas ou motiva\u00e7\u00f5es para a mudan\u00e7a do nome. Contudo, parte dos julgadores acabam exigindo uma justificativa, uma vez que, segundo eles, o nome \u00e9 imut\u00e1vel, salvo quando exp\u00f5e o portador ao rid\u00edculo.<\/p>\n<p><strong><em>Adriano Martins Pinheiro \u00e9 advogado em S\u00e3o Paulo\/SP, articulista e palestrante<\/em><\/strong><\/p>\n","protected":false},"excerpt":{"rendered":"<p>\u00c9 isso mesmo, ao nascer, o beb\u00ea recebe um nome escolhido pelos pais, que \u00e9 registrado em certid\u00e3o de nascimento. Ao completar 18 anos de idade, o jovem pode trocar o nome por um outro de sua escolha. O pedido pode ser realizado sem a necessidade de justificar ou apresentar os motivos da mudan\u00e7a, desde [&hellip;]<\/p>\n","protected":false},"author":2,"featured_media":3487,"comment_status":"open","ping_status":"open","sticky":false,"template":"","format":"standard","meta":{"footnotes":""},"categories":[2],"tags":[543,544,545,546,547],"class_list":["post-3486","post","type-post","status-publish","format-standard","has-post-thumbnail","hentry","category-posts","tag-18-anos-mudar-nome","tag-maioridade-mudar-nome","tag-mudar-nome-maior","tag-trocar-nome-18","tag-trocar-nome-maior"],"yoast_head":"<!-- This site is optimized with the Yoast SEO Premium plugin v23.8 (Yoast SEO v24.1) - https:\/\/yoast.com\/wordpress\/plugins\/seo\/ -->\n<title>Jovens com 18 anos podem mudar o pr\u00f3prio nome - Advocacia SP<\/title>\n<meta name=\"description\" content=\"Ao completar 18 anos de idade, o jovem pode trocar o nome por um outro de sua escolha. O pedido pode ser realizado sem a necessidade de justificar ...\" \/>\n<meta name=\"robots\" content=\"index, follow, max-snippet:-1, max-image-preview:large, max-video-preview:-1\" \/>\n<link rel=\"canonical\" href=\"https:\/\/advocaciapinheiro.com\/en\/18-anos-mudar-nome\/\" \/>\n<meta property=\"og:locale\" content=\"pt_PT\" \/>\n<meta property=\"og:type\" content=\"article\" \/>\n<meta property=\"og:title\" content=\"Jovens com 18 anos podem mudar o pr\u00f3prio nome\" \/>\n<meta property=\"og:description\" content=\"Ao completar 18 anos de idade, o jovem pode trocar o nome por um outro de sua escolha. O pedido pode ser realizado sem a necessidade de justificar ...\" \/>\n<meta property=\"og:url\" content=\"https:\/\/advocaciapinheiro.com\/en\/18-anos-mudar-nome\/\" \/>\n<meta property=\"og:site_name\" content=\"Advocacia Portugal | Imigra\u00e7\u00e3o\" \/>\n<meta property=\"article:publisher\" content=\"https:\/\/www.facebook.com\/AdvocaciaAmPinheiro\" \/>\n<meta property=\"article:published_time\" content=\"2017-09-21T20:21:23+00:00\" \/>\n<meta property=\"article:modified_time\" content=\"2018-12-06T19:54:49+00:00\" \/>\n<meta property=\"og:image\" content=\"https:\/\/advocaciapinheiro.com\/en\/wp-content\/uploads\/2017\/09\/18-anos-mudar-nome.png\" \/>\n\t<meta property=\"og:image:width\" content=\"500\" \/>\n\t<meta property=\"og:image:height\" content=\"350\" \/>\n\t<meta property=\"og:image:type\" content=\"image\/png\" \/>\n<meta name=\"author\" content=\"Pinheiro\" \/>\n<meta name=\"twitter:card\" content=\"summary_large_image\" \/>\n<meta name=\"twitter:creator\" content=\"@sp_advogado\" \/>\n<meta name=\"twitter:site\" content=\"@sp_advogado\" \/>\n<meta name=\"twitter:label1\" content=\"Escrito por\" \/>\n\t<meta name=\"twitter:data1\" content=\"Pinheiro\" \/>\n\t<meta name=\"twitter:label2\" content=\"Tempo estimado de leitura\" \/>\n\t<meta name=\"twitter:data2\" content=\"1 minuto\" \/>\n<script type=\"application\/ld+json\" class=\"yoast-schema-graph\">{\"@context\":\"https:\/\/schema.org\",\"@graph\":[{\"@type\":\"Article\",\"@id\":\"https:\/\/advocaciapinheiro.com\/en\/18-anos-mudar-nome\/#article\",\"isPartOf\":{\"@id\":\"https:\/\/advocaciapinheiro.com\/en\/18-anos-mudar-nome\/\"},\"author\":{\"name\":\"Pinheiro\",\"@id\":\"https:\/\/advocaciapinheiro.com\/en\/#\/schema\/person\/b7cd817243740faca399f29054873fb8\"},\"headline\":\"Jovens com 18 anos podem mudar o pr\u00f3prio nome\",\"datePublished\":\"2017-09-21T20:21:23+00:00\",\"dateModified\":\"2018-12-06T19:54:49+00:00\",\"mainEntityOfPage\":{\"@id\":\"https:\/\/advocaciapinheiro.com\/en\/18-anos-mudar-nome\/\"},\"wordCount\":244,\"commentCount\":0,\"publisher\":{\"@id\":\"https:\/\/advocaciapinheiro.com\/en\/#organization\"},\"image\":{\"@id\":\"https:\/\/advocaciapinheiro.com\/en\/18-anos-mudar-nome\/#primaryimage\"},\"thumbnailUrl\":\"https:\/\/advocaciapinheiro.com\/en\/wp-content\/uploads\/2017\/09\/18-anos-mudar-nome.png\",\"keywords\":[\"18 anos mudar nome\",\"maioridade mudar nome\",\"mudar nome maior\",\"trocar nome 18\",\"trocar nome maior\"],\"articleSection\":[\"Posts\"],\"inLanguage\":\"pt-PT\",\"potentialAction\":[{\"@type\":\"CommentAction\",\"name\":\"Comment\",\"target\":[\"https:\/\/advocaciapinheiro.com\/en\/18-anos-mudar-nome\/#respond\"]}]},{\"@type\":\"WebPage\",\"@id\":\"https:\/\/advocaciapinheiro.com\/en\/18-anos-mudar-nome\/\",\"url\":\"https:\/\/advocaciapinheiro.com\/en\/18-anos-mudar-nome\/\",\"name\":\"Jovens com 18 anos podem mudar o pr\u00f3prio nome - Advocacia SP\",\"isPartOf\":{\"@id\":\"https:\/\/advocaciapinheiro.com\/en\/#website\"},\"primaryImageOfPage\":{\"@id\":\"https:\/\/advocaciapinheiro.com\/en\/18-anos-mudar-nome\/#primaryimage\"},\"image\":{\"@id\":\"https:\/\/advocaciapinheiro.com\/en\/18-anos-mudar-nome\/#primaryimage\"},\"thumbnailUrl\":\"https:\/\/advocaciapinheiro.com\/en\/wp-content\/uploads\/2017\/09\/18-anos-mudar-nome.png\",\"datePublished\":\"2017-09-21T20:21:23+00:00\",\"dateModified\":\"2018-12-06T19:54:49+00:00\",\"description\":\"Ao completar 18 anos de idade, o jovem pode trocar o nome por um outro de sua escolha. O pedido pode ser realizado sem a necessidade de justificar ...\",\"breadcrumb\":{\"@id\":\"https:\/\/advocaciapinheiro.com\/en\/18-anos-mudar-nome\/#breadcrumb\"},\"inLanguage\":\"pt-PT\",\"potentialAction\":[{\"@type\":\"ReadAction\",\"target\":[\"https:\/\/advocaciapinheiro.com\/en\/18-anos-mudar-nome\/\"]}]},{\"@type\":\"ImageObject\",\"inLanguage\":\"pt-PT\",\"@id\":\"https:\/\/advocaciapinheiro.com\/en\/18-anos-mudar-nome\/#primaryimage\",\"url\":\"https:\/\/advocaciapinheiro.com\/en\/wp-content\/uploads\/2017\/09\/18-anos-mudar-nome.png\",\"contentUrl\":\"https:\/\/advocaciapinheiro.com\/en\/wp-content\/uploads\/2017\/09\/18-anos-mudar-nome.png\",\"width\":500,\"height\":350,\"caption\":\"18-anos-mudar-nome\"},{\"@type\":\"BreadcrumbList\",\"@id\":\"https:\/\/advocaciapinheiro.com\/en\/18-anos-mudar-nome\/#breadcrumb\",\"itemListElement\":[{\"@type\":\"ListItem\",\"position\":1,\"name\":\"In\u00edcio\",\"item\":\"https:\/\/advocaciapinheiro.com\/en\/\"},{\"@type\":\"ListItem\",\"position\":2,\"name\":\"Jovens com 18 anos podem mudar o pr\u00f3prio nome\"}]},{\"@type\":\"WebSite\",\"@id\":\"https:\/\/advocaciapinheiro.com\/en\/#website\",\"url\":\"https:\/\/advocaciapinheiro.com\/en\/\",\"name\":\"Advocacia Portugal | Imigra\u00e7\u00e3o\",\"description\":\"Advogados | Imigra\u00e7\u00e3o | Portugal\",\"publisher\":{\"@id\":\"https:\/\/advocaciapinheiro.com\/en\/#organization\"},\"potentialAction\":[{\"@type\":\"SearchAction\",\"target\":{\"@type\":\"EntryPoint\",\"urlTemplate\":\"https:\/\/advocaciapinheiro.com\/en\/?s={search_term_string}\"},\"query-input\":{\"@type\":\"PropertyValueSpecification\",\"valueRequired\":true,\"valueName\":\"search_term_string\"}}],\"inLanguage\":\"pt-PT\"},{\"@type\":\"Organization\",\"@id\":\"https:\/\/advocaciapinheiro.com\/en\/#organization\",\"name\":\"Advocacia Portugal | Imigra\u00e7\u00e3o\",\"url\":\"https:\/\/advocaciapinheiro.com\/en\/\",\"logo\":{\"@type\":\"ImageObject\",\"inLanguage\":\"pt-PT\",\"@id\":\"https:\/\/advocaciapinheiro.com\/en\/#\/schema\/logo\/image\/\",\"url\":\"https:\/\/advocaciapinheiro.com\/en\/wp-content\/uploads\/2024\/12\/advogado-cidadani-portugal-adriano-martins-pinheiro-logo.webp\",\"contentUrl\":\"https:\/\/advocaciapinheiro.com\/en\/wp-content\/uploads\/2024\/12\/advogado-cidadani-portugal-adriano-martins-pinheiro-logo.webp\",\"width\":1600,\"height\":568,\"caption\":\"Advocacia Portugal | Imigra\u00e7\u00e3o\"},\"image\":{\"@id\":\"https:\/\/advocaciapinheiro.com\/en\/#\/schema\/logo\/image\/\"},\"sameAs\":[\"https:\/\/www.facebook.com\/AdvocaciaAmPinheiro\",\"https:\/\/x.com\/sp_advogado\",\"https:\/\/www.instagram.com\/advocaciabrasilportugal\/\",\"https:\/\/www.facebook.com\/adrianomartinspinheiroadvocacia\",\"https:\/\/www.youtube.com\/user\/PinheiroLAW\"]},{\"@type\":\"Person\",\"@id\":\"https:\/\/advocaciapinheiro.com\/en\/#\/schema\/person\/b7cd817243740faca399f29054873fb8\",\"name\":\"Pinheiro\",\"image\":{\"@type\":\"ImageObject\",\"inLanguage\":\"pt-PT\",\"@id\":\"https:\/\/advocaciapinheiro.com\/en\/#\/schema\/person\/image\/\",\"url\":\"https:\/\/secure.gravatar.com\/avatar\/f7c804b99a019b968ee9fc812457d64c?s=96&d=mm&r=g\",\"contentUrl\":\"https:\/\/secure.gravatar.com\/avatar\/f7c804b99a019b968ee9fc812457d64c?s=96&d=mm&r=g\",\"caption\":\"Pinheiro\"},\"sameAs\":[\"https:\/\/advocaciapinheiro.com\/en\"],\"url\":\"https:\/\/advocaciapinheiro.com\/en\/author\/pinheiro\/\"}]}<\/script>\n<!-- \/ Yoast SEO Premium plugin. -->","yoast_head_json":{"title":"Jovens com 18 anos podem mudar o pr\u00f3prio nome - Advocacia SP","description":"Ao completar 18 anos de idade, o jovem pode trocar o nome por um outro de sua escolha. O pedido pode ser realizado sem a necessidade de justificar ...","robots":{"index":"index","follow":"follow","max-snippet":"max-snippet:-1","max-image-preview":"max-image-preview:large","max-video-preview":"max-video-preview:-1"},"canonical":"https:\/\/advocaciapinheiro.com\/en\/18-anos-mudar-nome\/","og_locale":"pt_PT","og_type":"article","og_title":"Jovens com 18 anos podem mudar o pr\u00f3prio nome","og_description":"Ao completar 18 anos de idade, o jovem pode trocar o nome por um outro de sua escolha. O pedido pode ser realizado sem a necessidade de justificar ...","og_url":"https:\/\/advocaciapinheiro.com\/en\/18-anos-mudar-nome\/","og_site_name":"Advocacia Portugal | Imigra\u00e7\u00e3o","article_publisher":"https:\/\/www.facebook.com\/AdvocaciaAmPinheiro","article_published_time":"2017-09-21T20:21:23+00:00","article_modified_time":"2018-12-06T19:54:49+00:00","og_image":[{"width":500,"height":350,"url":"https:\/\/advocaciapinheiro.com\/en\/wp-content\/uploads\/2017\/09\/18-anos-mudar-nome.png","type":"image\/png"}],"author":"Pinheiro","twitter_card":"summary_large_image","twitter_creator":"@sp_advogado","twitter_site":"@sp_advogado","twitter_misc":{"Escrito por":"Pinheiro","Tempo estimado de leitura":"1 minuto"},"schema":{"@context":"https:\/\/schema.org","@graph":[{"@type":"Article","@id":"https:\/\/advocaciapinheiro.com\/en\/18-anos-mudar-nome\/#article","isPartOf":{"@id":"https:\/\/advocaciapinheiro.com\/en\/18-anos-mudar-nome\/"},"author":{"name":"Pinheiro","@id":"https:\/\/advocaciapinheiro.com\/en\/#\/schema\/person\/b7cd817243740faca399f29054873fb8"},"headline":"Jovens com 18 anos podem mudar o pr\u00f3prio nome","datePublished":"2017-09-21T20:21:23+00:00","dateModified":"2018-12-06T19:54:49+00:00","mainEntityOfPage":{"@id":"https:\/\/advocaciapinheiro.com\/en\/18-anos-mudar-nome\/"},"wordCount":244,"commentCount":0,"publisher":{"@id":"https:\/\/advocaciapinheiro.com\/en\/#organization"},"image":{"@id":"https:\/\/advocaciapinheiro.com\/en\/18-anos-mudar-nome\/#primaryimage"},"thumbnailUrl":"https:\/\/advocaciapinheiro.com\/en\/wp-content\/uploads\/2017\/09\/18-anos-mudar-nome.png","keywords":["18 anos mudar nome","maioridade mudar nome","mudar nome maior","trocar nome 18","trocar nome maior"],"articleSection":["Posts"],"inLanguage":"pt-PT","potentialAction":[{"@type":"CommentAction","name":"Comment","target":["https:\/\/advocaciapinheiro.com\/en\/18-anos-mudar-nome\/#respond"]}]},{"@type":"WebPage","@id":"https:\/\/advocaciapinheiro.com\/en\/18-anos-mudar-nome\/","url":"https:\/\/advocaciapinheiro.com\/en\/18-anos-mudar-nome\/","name":"Jovens com 18 anos podem mudar o pr\u00f3prio nome - Advocacia SP","isPartOf":{"@id":"https:\/\/advocaciapinheiro.com\/en\/#website"},"primaryImageOfPage":{"@id":"https:\/\/advocaciapinheiro.com\/en\/18-anos-mudar-nome\/#primaryimage"},"image":{"@id":"https:\/\/advocaciapinheiro.com\/en\/18-anos-mudar-nome\/#primaryimage"},"thumbnailUrl":"https:\/\/advocaciapinheiro.com\/en\/wp-content\/uploads\/2017\/09\/18-anos-mudar-nome.png","datePublished":"2017-09-21T20:21:23+00:00","dateModified":"2018-12-06T19:54:49+00:00","description":"Ao completar 18 anos de idade, o jovem pode trocar o nome por um outro de sua escolha. O pedido pode ser realizado sem a necessidade de justificar ...","breadcrumb":{"@id":"https:\/\/advocaciapinheiro.com\/en\/18-anos-mudar-nome\/#breadcrumb"},"inLanguage":"pt-PT","potentialAction":[{"@type":"ReadAction","target":["https:\/\/advocaciapinheiro.com\/en\/18-anos-mudar-nome\/"]}]},{"@type":"ImageObject","inLanguage":"pt-PT","@id":"https:\/\/advocaciapinheiro.com\/en\/18-anos-mudar-nome\/#primaryimage","url":"https:\/\/advocaciapinheiro.com\/en\/wp-content\/uploads\/2017\/09\/18-anos-mudar-nome.png","contentUrl":"https:\/\/advocaciapinheiro.com\/en\/wp-content\/uploads\/2017\/09\/18-anos-mudar-nome.png","width":500,"height":350,"caption":"18-anos-mudar-nome"},{"@type":"BreadcrumbList","@id":"https:\/\/advocaciapinheiro.com\/en\/18-anos-mudar-nome\/#breadcrumb","itemListElement":[{"@type":"ListItem","position":1,"name":"In\u00edcio","item":"https:\/\/advocaciapinheiro.com\/en\/"},{"@type":"ListItem","position":2,"name":"Jovens com 18 anos podem mudar o pr\u00f3prio nome"}]},{"@type":"WebSite","@id":"https:\/\/advocaciapinheiro.com\/en\/#website","url":"https:\/\/advocaciapinheiro.com\/en\/","name":"Advocacia Portugal | Imigra\u00e7\u00e3o","description":"Advogados | Imigra\u00e7\u00e3o | Portugal","publisher":{"@id":"https:\/\/advocaciapinheiro.com\/en\/#organization"},"potentialAction":[{"@type":"SearchAction","target":{"@type":"EntryPoint","urlTemplate":"https:\/\/advocaciapinheiro.com\/en\/?s={search_term_string}"},"query-input":{"@type":"PropertyValueSpecification","valueRequired":true,"valueName":"search_term_string"}}],"inLanguage":"pt-PT"},{"@type":"Organization","@id":"https:\/\/advocaciapinheiro.com\/en\/#organization","name":"Advocacia Portugal | Imigra\u00e7\u00e3o","url":"https:\/\/advocaciapinheiro.com\/en\/","logo":{"@type":"ImageObject","inLanguage":"pt-PT","@id":"https:\/\/advocaciapinheiro.com\/en\/#\/schema\/logo\/image\/","url":"https:\/\/advocaciapinheiro.com\/en\/wp-content\/uploads\/2024\/12\/advogado-cidadani-portugal-adriano-martins-pinheiro-logo.webp","contentUrl":"https:\/\/advocaciapinheiro.com\/en\/wp-content\/uploads\/2024\/12\/advogado-cidadani-portugal-adriano-martins-pinheiro-logo.webp","width":1600,"height":568,"caption":"Advocacia Portugal | Imigra\u00e7\u00e3o"},"image":{"@id":"https:\/\/advocaciapinheiro.com\/en\/#\/schema\/logo\/image\/"},"sameAs":["https:\/\/www.facebook.com\/AdvocaciaAmPinheiro","https:\/\/x.com\/sp_advogado","https:\/\/www.instagram.com\/advocaciabrasilportugal\/","https:\/\/www.facebook.com\/adrianomartinspinheiroadvocacia","https:\/\/www.youtube.com\/user\/PinheiroLAW"]},{"@type":"Person","@id":"https:\/\/advocaciapinheiro.com\/en\/#\/schema\/person\/b7cd817243740faca399f29054873fb8","name":"Pinheiro","image":{"@type":"ImageObject","inLanguage":"pt-PT","@id":"https:\/\/advocaciapinheiro.com\/en\/#\/schema\/person\/image\/","url":"https:\/\/secure.gravatar.com\/avatar\/f7c804b99a019b968ee9fc812457d64c?s=96&d=mm&r=g","contentUrl":"https:\/\/secure.gravatar.com\/avatar\/f7c804b99a019b968ee9fc812457d64c?s=96&d=mm&r=g","caption":"Pinheiro"},"sameAs":["https:\/\/advocaciapinheiro.com\/en"],"url":"https:\/\/advocaciapinheiro.com\/en\/author\/pinheiro\/"}]}},"_links":{"self":[{"href":"https:\/\/advocaciapinheiro.com\/en\/wp-json\/wp\/v2\/posts\/3486","targetHints":{"allow":["GET"]}}],"collection":[{"href":"https:\/\/advocaciapinheiro.com\/en\/wp-json\/wp\/v2\/posts"}],"about":[{"href":"https:\/\/advocaciapinheiro.com\/en\/wp-json\/wp\/v2\/types\/post"}],"author":[{"embeddable":true,"href":"https:\/\/advocaciapinheiro.com\/en\/wp-json\/wp\/v2\/users\/2"}],"replies":[{"embeddable":true,"href":"https:\/\/advocaciapinheiro.com\/en\/wp-json\/wp\/v2\/comments?post=3486"}],"version-history":[{"count":1,"href":"https:\/\/advocaciapinheiro.com\/en\/wp-json\/wp\/v2\/posts\/3486\/revisions"}],"predecessor-version":[{"id":4407,"href":"https:\/\/advocaciapinheiro.com\/en\/wp-json\/wp\/v2\/posts\/3486\/revisions\/4407"}],"wp:featuredmedia":[{"embeddable":true,"href":"https:\/\/advocaciapinheiro.com\/en\/wp-json\/wp\/v2\/media\/3487"}],"wp:attachment":[{"href":"https:\/\/advocaciapinheiro.com\/en\/wp-json\/wp\/v2\/media?parent=3486"}],"wp:term":[{"taxonomy":"category","embeddable":true,"href":"https:\/\/advocaciapinheiro.com\/en\/wp-json\/wp\/v2\/categories?post=3486"},{"taxonomy":"post_tag","embeddable":true,"href":"https:\/\/advocaciapinheiro.com\/en\/wp-json\/wp\/v2\/tags?post=3486"}],"curies":[{"name":"wp","href":"https:\/\/api.w.org\/{rel}","templated":true}]}}