{"id":3524,"date":"2017-10-06T16:09:12","date_gmt":"2017-10-06T19:09:12","guid":{"rendered":"http:\/\/advocaciapinheiro.adv.br\/?p=3524"},"modified":"2018-12-06T19:54:49","modified_gmt":"2018-12-06T19:54:49","slug":"porte-registro-arma-fogo","status":"publish","type":"post","link":"https:\/\/advocaciapinheiro.com\/en\/porte-registro-arma-fogo\/","title":{"rendered":"Entenda o porte e o registro de arma de fogo"},"content":{"rendered":"<p>O Decreto n\u00ba. 5.123\/04 regulamenta a Lei n\u00ba 10.826\/2003, que disp\u00f5e sobre registro, posse e comercializa\u00e7\u00e3o de armas de fogo e muni\u00e7\u00e3o.<\/p>\n<p><strong>Armas de fogo de uso permitido ou uso restrito<\/strong><\/p>\n<p>A arma de fogo de uso permitido \u00e9 aquela cuja utiliza\u00e7\u00e3o \u00e9 autorizada a pessoas f\u00edsicas, bem como a pessoas jur\u00eddicas, de acordo com as normas do Comando do Ex\u00e9rcito e nas condi\u00e7\u00f5es previstas na Lei no 10.826\/2003. Por sua vez, a arma de fogo de uso restrito \u00e9 aquela de uso exclusivo das For\u00e7as Armadas, de institui\u00e7\u00f5es de seguran\u00e7a p\u00fablica e de pessoas f\u00edsicas e jur\u00eddicas habilitadas, devidamente autorizadas pelo Comando do Ex\u00e9rcito, de acordo com legisla\u00e7\u00e3o espec\u00edfica.<\/p>\n<p><strong>Aquisi\u00e7\u00e3o e Registro da Arma de Fogo de Uso Permitido<\/strong><\/p>\n<p>Para adquirir arma de fogo de uso permitido o interessado deve cumprir diversos e rigorosos requisitos, quais sejam:<\/p>\n<p><strong>a)<\/strong> declarar efetiva necessidade;<br \/>\n<strong>b)<\/strong> ter, no m\u00ednimo, vinte e cinco anos;<br \/>\n<strong>c)<\/strong> apresentar original e c\u00f3pia, ou c\u00f3pia autenticada, de documento de identifica\u00e7\u00e3o pessoal;<br \/>\n<strong>d)<\/strong> comprovar, em seu pedido de aquisi\u00e7\u00e3o do Certificado de Registro de Arma de Fogo e periodicamente, a idoneidade e a inexist\u00eancia de inqu\u00e9rito policial ou processo criminal, por meio de certid\u00f5es de antecedentes criminais da Justi\u00e7a Federal, Estadual, Militar e Eleitoral, que poder\u00e3o ser fornecidas por meio eletr\u00f4nico;<br \/>\n<strong>e)<\/strong> apresentar documento comprobat\u00f3rio de ocupa\u00e7\u00e3o l\u00edcita e de resid\u00eancia certa;<br \/>\n<strong>f)<\/strong> comprovar, em seu pedido de aquisi\u00e7\u00e3o do Certificado de Registro de Arma de Fogo e periodicamente, a capacidade t\u00e9cnica para o manuseio de arma de fogo e;<br \/>\n<strong>g)<\/strong> comprovar aptid\u00e3o psicol\u00f3gica para o manuseio de arma de fogo, atestada em laudo conclusivo fornecido por psic\u00f3logo do quadro da Pol\u00edcia Federal ou por esta credenciado.<\/p>\n<p>O Certificado de Registro (CR) de Arma de Fogo expedido pela Pol\u00edcia Federal, precedido de cadastro no SINARM, autoriza seu propriet\u00e1rio a manter a arma de fogo exclusivamente no interior de sua resid\u00eancia ou no seu local de trabalho, desde que seja ele o titular ou o respons\u00e1vel legal pelo estabelecimento ou empresa.<\/p>\n<p>O porte de arma de fogo de uso permitido, vinculado ao pr\u00e9vio registro da arma e ao cadastro no SINARM, ser\u00e1 expedido pela Pol\u00edcia Federal, em car\u00e1ter excepcional, desde que atendidos os requisitos previstos nos incisos I, II e III do \u00a7 1\u00ba do art. 10 da Lei no 10.826\/03.<\/p>\n<p>O porte de arma de fogo \u00e9 documento obrigat\u00f3rio para a condu\u00e7\u00e3o da arma.<\/p>\n<p>Cabe ao Comando do Ex\u00e9rcito autorizar a aquisi\u00e7\u00e3o e registrar as armas de fogo de uso restrito, sendo que estas ser\u00e3o cadastradas no SIGMA e no SINARM, conforme o caso.<\/p>\n<p><strong>Pr\u00e1tica de tiro desportivo<\/strong><\/p>\n<p>As agremia\u00e7\u00f5es esportivas e as empresas de instru\u00e7\u00e3o de tiro, os colecionadores, atiradores e ca\u00e7adores ser\u00e3o registrados no Comando do Ex\u00e9rcito, ao qual caber\u00e1 estabelecer normas e verificar o cumprimento das condi\u00e7\u00f5es de seguran\u00e7a dos dep\u00f3sitos das armas de fogo, muni\u00e7\u00f5es e equipamentos de recarga.<\/p>\n<p>As armas pertencentes \u00e0s entidades mencionadas no caput e seus integrantes ter\u00e3o autoriza\u00e7\u00e3o para porte de tr\u00e2nsito (guia de tr\u00e1fego) a ser expedida pelo Comando do Ex\u00e9rcito.<\/p>\n<p>O porte de tr\u00e2nsito das armas de fogo de colecionadores e ca\u00e7adores ser\u00e1 expedido pelo Comando do Ex\u00e9rcito, sendo que estes dever\u00e3o transportar suas armas desmuniciadas.<\/p>\n<p>No Brasil, h\u00e1 dois sistemas de controle de armas de fogo, quais sejam: SINARM e SIGMA.<\/p>\n<p>Para facilitar, transcrevem-se abaixo, os artigos pertinentes aos referidos sistemas:<\/p>\n<blockquote><p>Art. 1\u00ba O Sistema Nacional de Armas &#8211; SINARM, institu\u00eddo no Minist\u00e9rio da Justi\u00e7a, no \u00e2mbito da Pol\u00edcia Federal, com circunscri\u00e7\u00e3o em todo o territ\u00f3rio nacional e compet\u00eancia estabelecida pelo caput e incisos do art. 2o da Lei no 10.826, de 22 de dezembro de 2003, tem por finalidade manter cadastro geral, integrado e permanente das armas de fogo importadas, produzidas e vendidas no pa\u00eds, de compet\u00eancia do SINARM, e o controle dos registros dessas armas.<\/p>\n<p>Art. 2\u00ba O SIGMA, institu\u00eddo no Minist\u00e9rio da Defesa, no \u00e2mbito do Comando do Ex\u00e9rcito, com circunscri\u00e7\u00e3o em todo o territ\u00f3rio nacional, tem por finalidade manter cadastro geral, permanente e integrado das armas de fogo importadas, produzidas e vendidas no pa\u00eds, de compet\u00eancia do SIGMA, e das armas de fogo que constem dos registros pr\u00f3prios.<\/p><\/blockquote>\n<p>A posse ou porte ilegal de arma de fogo de uso restrito \u00e9 crime, previsto no artigo 16, da Lei n\u00ba 10.826\/2003, <em>verbis<\/em>:<\/p>\n<blockquote><p>Possuir, deter, portar, adquirir, fornecer, receber, ter em dep\u00f3sito, transportar, ceder, ainda que gratuitamente, emprestar, remeter, empregar, manter sob sua guarda ou ocultar arma de fogo, acess\u00f3rio ou muni\u00e7\u00e3o de uso proibido ou restrito, sem autoriza\u00e7\u00e3o e em desacordo com determina\u00e7\u00e3o legal ou regulamentar:<br \/>\nPena \u2013 reclus\u00e3o, de 3 (tr\u00eas) a 6 (seis) anos, e multa.<\/p><\/blockquote>\n<p>Na pr\u00e1tica, o indiv\u00edduo detido em flagrante, enquadrado no referido crime pode ser encaminhando ao Centro de Deten\u00e7\u00e3o Provis\u00f3ria (CDP) e passa a aguardar julgamento preso. Em alguns casos (principalmente quando prim\u00e1rio), o indiv\u00edduo consegue soltura na audi\u00eancia de cust\u00f3dia ou, ainda, em pedido de liberdade provis\u00f3ria, relaxamento de pris\u00e3o em flagrante, habeas corpus etc.<\/p>\n<p>Recomenda-se, portanto, que o cidad\u00e3o n\u00e3o desobede\u00e7a as normas aqui expostas.<\/p>\n<p><em><strong>Adriano M Pinheiro \u00e9 advogado em S\u00e3o Paulo\/SP, articulista e palestrante<\/strong><\/em><\/p>\n","protected":false},"excerpt":{"rendered":"<p>O Decreto n\u00ba. 5.123\/04 regulamenta a Lei n\u00ba 10.826\/2003, que disp\u00f5e sobre registro, posse e comercializa\u00e7\u00e3o de armas de fogo e muni\u00e7\u00e3o. Armas de fogo de uso permitido ou uso restrito A arma de fogo de uso permitido \u00e9 aquela cuja utiliza\u00e7\u00e3o \u00e9 autorizada a pessoas f\u00edsicas, bem como a pessoas jur\u00eddicas, de acordo com [&hellip;]<\/p>\n","protected":false},"author":2,"featured_media":3525,"comment_status":"open","ping_status":"open","sticky":false,"template":"","format":"standard","meta":{"footnotes":""},"categories":[2],"tags":[578,579,580,581,582,583],"class_list":["post-3524","post","type-post","status-publish","format-standard","has-post-thumbnail","hentry","category-posts","tag-arma-cr","tag-arma-exercito","tag-arma-policia-federal","tag-porte-ilegal-de-armas","tag-prisao-porte-de-arma","tag-registro-de-arma-de-fogo"],"yoast_head":"<!-- This site is optimized with the Yoast SEO Premium plugin v23.8 (Yoast SEO v24.1) - https:\/\/yoast.com\/wordpress\/plugins\/seo\/ -->\n<title>Entenda o porte e o registro de arma de fogo. Procedimentos<\/title>\n<meta name=\"description\" content=\"A arma de fogo de uso permitido \u00e9 aquela cuja utiliza\u00e7\u00e3o \u00e9 autorizada a pessoas f\u00edsicas, bem como a pessoas jur\u00eddicas, de acordo com as normas do Comando ...\" \/>\n<meta name=\"robots\" content=\"index, follow, max-snippet:-1, max-image-preview:large, max-video-preview:-1\" \/>\n<link rel=\"canonical\" href=\"https:\/\/advocaciapinheiro.com\/en\/porte-registro-arma-fogo\/\" \/>\n<meta property=\"og:locale\" content=\"pt_PT\" \/>\n<meta property=\"og:type\" content=\"article\" \/>\n<meta property=\"og:title\" content=\"Entenda o porte e o registro de arma de fogo\" \/>\n<meta property=\"og:description\" content=\"A arma de fogo de uso permitido \u00e9 aquela cuja utiliza\u00e7\u00e3o \u00e9 autorizada a pessoas f\u00edsicas, bem como a pessoas jur\u00eddicas, de acordo com as normas do Comando ...\" \/>\n<meta property=\"og:url\" content=\"https:\/\/advocaciapinheiro.com\/en\/porte-registro-arma-fogo\/\" \/>\n<meta property=\"og:site_name\" content=\"Advocacia Portugal | Imigra\u00e7\u00e3o\" \/>\n<meta property=\"article:publisher\" content=\"https:\/\/www.facebook.com\/AdvocaciaAmPinheiro\" \/>\n<meta property=\"article:published_time\" content=\"2017-10-06T19:09:12+00:00\" \/>\n<meta property=\"article:modified_time\" content=\"2018-12-06T19:54:49+00:00\" \/>\n<meta property=\"og:image\" content=\"https:\/\/advocaciapinheiro.com\/en\/wp-content\/uploads\/2017\/10\/posse-registro-arma.png\" \/>\n\t<meta property=\"og:image:width\" content=\"500\" \/>\n\t<meta property=\"og:image:height\" content=\"350\" \/>\n\t<meta property=\"og:image:type\" content=\"image\/png\" \/>\n<meta name=\"author\" content=\"Pinheiro\" \/>\n<meta name=\"twitter:card\" content=\"summary_large_image\" \/>\n<meta name=\"twitter:creator\" content=\"@sp_advogado\" \/>\n<meta name=\"twitter:site\" content=\"@sp_advogado\" \/>\n<meta name=\"twitter:label1\" content=\"Escrito por\" \/>\n\t<meta name=\"twitter:data1\" content=\"Pinheiro\" \/>\n\t<meta name=\"twitter:label2\" content=\"Tempo estimado de leitura\" \/>\n\t<meta name=\"twitter:data2\" content=\"5 minutos\" \/>\n<script type=\"application\/ld+json\" class=\"yoast-schema-graph\">{\"@context\":\"https:\/\/schema.org\",\"@graph\":[{\"@type\":\"Article\",\"@id\":\"https:\/\/advocaciapinheiro.com\/en\/porte-registro-arma-fogo\/#article\",\"isPartOf\":{\"@id\":\"https:\/\/advocaciapinheiro.com\/en\/porte-registro-arma-fogo\/\"},\"author\":{\"name\":\"Pinheiro\",\"@id\":\"https:\/\/advocaciapinheiro.com\/en\/#\/schema\/person\/b7cd817243740faca399f29054873fb8\"},\"headline\":\"Entenda o porte e o registro de arma de fogo\",\"datePublished\":\"2017-10-06T19:09:12+00:00\",\"dateModified\":\"2018-12-06T19:54:49+00:00\",\"mainEntityOfPage\":{\"@id\":\"https:\/\/advocaciapinheiro.com\/en\/porte-registro-arma-fogo\/\"},\"wordCount\":936,\"commentCount\":0,\"publisher\":{\"@id\":\"https:\/\/advocaciapinheiro.com\/en\/#organization\"},\"image\":{\"@id\":\"https:\/\/advocaciapinheiro.com\/en\/porte-registro-arma-fogo\/#primaryimage\"},\"thumbnailUrl\":\"https:\/\/advocaciapinheiro.com\/en\/wp-content\/uploads\/2017\/10\/posse-registro-arma.png\",\"keywords\":[\"arma cr\",\"arma ex\u00e9rcito\",\"arma pol\u00edcia federal\",\"porte ilegal de armas\",\"pris\u00e3o porte de arma\",\"registro de arma de fogo\"],\"articleSection\":[\"Posts\"],\"inLanguage\":\"pt-PT\",\"potentialAction\":[{\"@type\":\"CommentAction\",\"name\":\"Comment\",\"target\":[\"https:\/\/advocaciapinheiro.com\/en\/porte-registro-arma-fogo\/#respond\"]}]},{\"@type\":\"WebPage\",\"@id\":\"https:\/\/advocaciapinheiro.com\/en\/porte-registro-arma-fogo\/\",\"url\":\"https:\/\/advocaciapinheiro.com\/en\/porte-registro-arma-fogo\/\",\"name\":\"Entenda o porte e o registro de arma de fogo. Procedimentos\",\"isPartOf\":{\"@id\":\"https:\/\/advocaciapinheiro.com\/en\/#website\"},\"primaryImageOfPage\":{\"@id\":\"https:\/\/advocaciapinheiro.com\/en\/porte-registro-arma-fogo\/#primaryimage\"},\"image\":{\"@id\":\"https:\/\/advocaciapinheiro.com\/en\/porte-registro-arma-fogo\/#primaryimage\"},\"thumbnailUrl\":\"https:\/\/advocaciapinheiro.com\/en\/wp-content\/uploads\/2017\/10\/posse-registro-arma.png\",\"datePublished\":\"2017-10-06T19:09:12+00:00\",\"dateModified\":\"2018-12-06T19:54:49+00:00\",\"description\":\"A arma de fogo de uso permitido \u00e9 aquela cuja utiliza\u00e7\u00e3o \u00e9 autorizada a pessoas f\u00edsicas, bem como a pessoas jur\u00eddicas, de acordo com as normas do Comando ...\",\"breadcrumb\":{\"@id\":\"https:\/\/advocaciapinheiro.com\/en\/porte-registro-arma-fogo\/#breadcrumb\"},\"inLanguage\":\"pt-PT\",\"potentialAction\":[{\"@type\":\"ReadAction\",\"target\":[\"https:\/\/advocaciapinheiro.com\/en\/porte-registro-arma-fogo\/\"]}]},{\"@type\":\"ImageObject\",\"inLanguage\":\"pt-PT\",\"@id\":\"https:\/\/advocaciapinheiro.com\/en\/porte-registro-arma-fogo\/#primaryimage\",\"url\":\"https:\/\/advocaciapinheiro.com\/en\/wp-content\/uploads\/2017\/10\/posse-registro-arma.png\",\"contentUrl\":\"https:\/\/advocaciapinheiro.com\/en\/wp-content\/uploads\/2017\/10\/posse-registro-arma.png\",\"width\":500,\"height\":350,\"caption\":\"posse-registro-arma\"},{\"@type\":\"BreadcrumbList\",\"@id\":\"https:\/\/advocaciapinheiro.com\/en\/porte-registro-arma-fogo\/#breadcrumb\",\"itemListElement\":[{\"@type\":\"ListItem\",\"position\":1,\"name\":\"In\u00edcio\",\"item\":\"https:\/\/advocaciapinheiro.com\/en\/\"},{\"@type\":\"ListItem\",\"position\":2,\"name\":\"Entenda o porte e o registro de arma de fogo\"}]},{\"@type\":\"WebSite\",\"@id\":\"https:\/\/advocaciapinheiro.com\/en\/#website\",\"url\":\"https:\/\/advocaciapinheiro.com\/en\/\",\"name\":\"Advocacia Portugal | Imigra\u00e7\u00e3o\",\"description\":\"Advogados | Imigra\u00e7\u00e3o | Portugal\",\"publisher\":{\"@id\":\"https:\/\/advocaciapinheiro.com\/en\/#organization\"},\"potentialAction\":[{\"@type\":\"SearchAction\",\"target\":{\"@type\":\"EntryPoint\",\"urlTemplate\":\"https:\/\/advocaciapinheiro.com\/en\/?s={search_term_string}\"},\"query-input\":{\"@type\":\"PropertyValueSpecification\",\"valueRequired\":true,\"valueName\":\"search_term_string\"}}],\"inLanguage\":\"pt-PT\"},{\"@type\":\"Organization\",\"@id\":\"https:\/\/advocaciapinheiro.com\/en\/#organization\",\"name\":\"Advocacia Portugal | Imigra\u00e7\u00e3o\",\"url\":\"https:\/\/advocaciapinheiro.com\/en\/\",\"logo\":{\"@type\":\"ImageObject\",\"inLanguage\":\"pt-PT\",\"@id\":\"https:\/\/advocaciapinheiro.com\/en\/#\/schema\/logo\/image\/\",\"url\":\"https:\/\/advocaciapinheiro.com\/en\/wp-content\/uploads\/2024\/12\/advogado-cidadani-portugal-adriano-martins-pinheiro-logo.webp\",\"contentUrl\":\"https:\/\/advocaciapinheiro.com\/en\/wp-content\/uploads\/2024\/12\/advogado-cidadani-portugal-adriano-martins-pinheiro-logo.webp\",\"width\":1600,\"height\":568,\"caption\":\"Advocacia Portugal | Imigra\u00e7\u00e3o\"},\"image\":{\"@id\":\"https:\/\/advocaciapinheiro.com\/en\/#\/schema\/logo\/image\/\"},\"sameAs\":[\"https:\/\/www.facebook.com\/AdvocaciaAmPinheiro\",\"https:\/\/x.com\/sp_advogado\",\"https:\/\/www.instagram.com\/advocaciabrasilportugal\/\",\"https:\/\/www.facebook.com\/adrianomartinspinheiroadvocacia\",\"https:\/\/www.youtube.com\/user\/PinheiroLAW\"]},{\"@type\":\"Person\",\"@id\":\"https:\/\/advocaciapinheiro.com\/en\/#\/schema\/person\/b7cd817243740faca399f29054873fb8\",\"name\":\"Pinheiro\",\"image\":{\"@type\":\"ImageObject\",\"inLanguage\":\"pt-PT\",\"@id\":\"https:\/\/advocaciapinheiro.com\/en\/#\/schema\/person\/image\/\",\"url\":\"https:\/\/secure.gravatar.com\/avatar\/f7c804b99a019b968ee9fc812457d64c?s=96&d=mm&r=g\",\"contentUrl\":\"https:\/\/secure.gravatar.com\/avatar\/f7c804b99a019b968ee9fc812457d64c?s=96&d=mm&r=g\",\"caption\":\"Pinheiro\"},\"sameAs\":[\"https:\/\/advocaciapinheiro.com\/en\"],\"url\":\"https:\/\/advocaciapinheiro.com\/en\/author\/pinheiro\/\"}]}<\/script>\n<!-- \/ Yoast SEO Premium plugin. -->","yoast_head_json":{"title":"Entenda o porte e o registro de arma de fogo. Procedimentos","description":"A arma de fogo de uso permitido \u00e9 aquela cuja utiliza\u00e7\u00e3o \u00e9 autorizada a pessoas f\u00edsicas, bem como a pessoas jur\u00eddicas, de acordo com as normas do Comando ...","robots":{"index":"index","follow":"follow","max-snippet":"max-snippet:-1","max-image-preview":"max-image-preview:large","max-video-preview":"max-video-preview:-1"},"canonical":"https:\/\/advocaciapinheiro.com\/en\/porte-registro-arma-fogo\/","og_locale":"pt_PT","og_type":"article","og_title":"Entenda o porte e o registro de arma de fogo","og_description":"A arma de fogo de uso permitido \u00e9 aquela cuja utiliza\u00e7\u00e3o \u00e9 autorizada a pessoas f\u00edsicas, bem como a pessoas jur\u00eddicas, de acordo com as normas do Comando ...","og_url":"https:\/\/advocaciapinheiro.com\/en\/porte-registro-arma-fogo\/","og_site_name":"Advocacia Portugal | Imigra\u00e7\u00e3o","article_publisher":"https:\/\/www.facebook.com\/AdvocaciaAmPinheiro","article_published_time":"2017-10-06T19:09:12+00:00","article_modified_time":"2018-12-06T19:54:49+00:00","og_image":[{"width":500,"height":350,"url":"https:\/\/advocaciapinheiro.com\/en\/wp-content\/uploads\/2017\/10\/posse-registro-arma.png","type":"image\/png"}],"author":"Pinheiro","twitter_card":"summary_large_image","twitter_creator":"@sp_advogado","twitter_site":"@sp_advogado","twitter_misc":{"Escrito por":"Pinheiro","Tempo estimado de leitura":"5 minutos"},"schema":{"@context":"https:\/\/schema.org","@graph":[{"@type":"Article","@id":"https:\/\/advocaciapinheiro.com\/en\/porte-registro-arma-fogo\/#article","isPartOf":{"@id":"https:\/\/advocaciapinheiro.com\/en\/porte-registro-arma-fogo\/"},"author":{"name":"Pinheiro","@id":"https:\/\/advocaciapinheiro.com\/en\/#\/schema\/person\/b7cd817243740faca399f29054873fb8"},"headline":"Entenda o porte e o registro de arma de fogo","datePublished":"2017-10-06T19:09:12+00:00","dateModified":"2018-12-06T19:54:49+00:00","mainEntityOfPage":{"@id":"https:\/\/advocaciapinheiro.com\/en\/porte-registro-arma-fogo\/"},"wordCount":936,"commentCount":0,"publisher":{"@id":"https:\/\/advocaciapinheiro.com\/en\/#organization"},"image":{"@id":"https:\/\/advocaciapinheiro.com\/en\/porte-registro-arma-fogo\/#primaryimage"},"thumbnailUrl":"https:\/\/advocaciapinheiro.com\/en\/wp-content\/uploads\/2017\/10\/posse-registro-arma.png","keywords":["arma cr","arma ex\u00e9rcito","arma pol\u00edcia federal","porte ilegal de armas","pris\u00e3o porte de arma","registro de arma de fogo"],"articleSection":["Posts"],"inLanguage":"pt-PT","potentialAction":[{"@type":"CommentAction","name":"Comment","target":["https:\/\/advocaciapinheiro.com\/en\/porte-registro-arma-fogo\/#respond"]}]},{"@type":"WebPage","@id":"https:\/\/advocaciapinheiro.com\/en\/porte-registro-arma-fogo\/","url":"https:\/\/advocaciapinheiro.com\/en\/porte-registro-arma-fogo\/","name":"Entenda o porte e o registro de arma de fogo. Procedimentos","isPartOf":{"@id":"https:\/\/advocaciapinheiro.com\/en\/#website"},"primaryImageOfPage":{"@id":"https:\/\/advocaciapinheiro.com\/en\/porte-registro-arma-fogo\/#primaryimage"},"image":{"@id":"https:\/\/advocaciapinheiro.com\/en\/porte-registro-arma-fogo\/#primaryimage"},"thumbnailUrl":"https:\/\/advocaciapinheiro.com\/en\/wp-content\/uploads\/2017\/10\/posse-registro-arma.png","datePublished":"2017-10-06T19:09:12+00:00","dateModified":"2018-12-06T19:54:49+00:00","description":"A arma de fogo de uso permitido \u00e9 aquela cuja utiliza\u00e7\u00e3o \u00e9 autorizada a pessoas f\u00edsicas, bem como a pessoas jur\u00eddicas, de acordo com as normas do Comando ...","breadcrumb":{"@id":"https:\/\/advocaciapinheiro.com\/en\/porte-registro-arma-fogo\/#breadcrumb"},"inLanguage":"pt-PT","potentialAction":[{"@type":"ReadAction","target":["https:\/\/advocaciapinheiro.com\/en\/porte-registro-arma-fogo\/"]}]},{"@type":"ImageObject","inLanguage":"pt-PT","@id":"https:\/\/advocaciapinheiro.com\/en\/porte-registro-arma-fogo\/#primaryimage","url":"https:\/\/advocaciapinheiro.com\/en\/wp-content\/uploads\/2017\/10\/posse-registro-arma.png","contentUrl":"https:\/\/advocaciapinheiro.com\/en\/wp-content\/uploads\/2017\/10\/posse-registro-arma.png","width":500,"height":350,"caption":"posse-registro-arma"},{"@type":"BreadcrumbList","@id":"https:\/\/advocaciapinheiro.com\/en\/porte-registro-arma-fogo\/#breadcrumb","itemListElement":[{"@type":"ListItem","position":1,"name":"In\u00edcio","item":"https:\/\/advocaciapinheiro.com\/en\/"},{"@type":"ListItem","position":2,"name":"Entenda o porte e o registro de arma de fogo"}]},{"@type":"WebSite","@id":"https:\/\/advocaciapinheiro.com\/en\/#website","url":"https:\/\/advocaciapinheiro.com\/en\/","name":"Advocacia Portugal | Imigra\u00e7\u00e3o","description":"Advogados | Imigra\u00e7\u00e3o | Portugal","publisher":{"@id":"https:\/\/advocaciapinheiro.com\/en\/#organization"},"potentialAction":[{"@type":"SearchAction","target":{"@type":"EntryPoint","urlTemplate":"https:\/\/advocaciapinheiro.com\/en\/?s={search_term_string}"},"query-input":{"@type":"PropertyValueSpecification","valueRequired":true,"valueName":"search_term_string"}}],"inLanguage":"pt-PT"},{"@type":"Organization","@id":"https:\/\/advocaciapinheiro.com\/en\/#organization","name":"Advocacia Portugal | Imigra\u00e7\u00e3o","url":"https:\/\/advocaciapinheiro.com\/en\/","logo":{"@type":"ImageObject","inLanguage":"pt-PT","@id":"https:\/\/advocaciapinheiro.com\/en\/#\/schema\/logo\/image\/","url":"https:\/\/advocaciapinheiro.com\/en\/wp-content\/uploads\/2024\/12\/advogado-cidadani-portugal-adriano-martins-pinheiro-logo.webp","contentUrl":"https:\/\/advocaciapinheiro.com\/en\/wp-content\/uploads\/2024\/12\/advogado-cidadani-portugal-adriano-martins-pinheiro-logo.webp","width":1600,"height":568,"caption":"Advocacia Portugal | Imigra\u00e7\u00e3o"},"image":{"@id":"https:\/\/advocaciapinheiro.com\/en\/#\/schema\/logo\/image\/"},"sameAs":["https:\/\/www.facebook.com\/AdvocaciaAmPinheiro","https:\/\/x.com\/sp_advogado","https:\/\/www.instagram.com\/advocaciabrasilportugal\/","https:\/\/www.facebook.com\/adrianomartinspinheiroadvocacia","https:\/\/www.youtube.com\/user\/PinheiroLAW"]},{"@type":"Person","@id":"https:\/\/advocaciapinheiro.com\/en\/#\/schema\/person\/b7cd817243740faca399f29054873fb8","name":"Pinheiro","image":{"@type":"ImageObject","inLanguage":"pt-PT","@id":"https:\/\/advocaciapinheiro.com\/en\/#\/schema\/person\/image\/","url":"https:\/\/secure.gravatar.com\/avatar\/f7c804b99a019b968ee9fc812457d64c?s=96&d=mm&r=g","contentUrl":"https:\/\/secure.gravatar.com\/avatar\/f7c804b99a019b968ee9fc812457d64c?s=96&d=mm&r=g","caption":"Pinheiro"},"sameAs":["https:\/\/advocaciapinheiro.com\/en"],"url":"https:\/\/advocaciapinheiro.com\/en\/author\/pinheiro\/"}]}},"_links":{"self":[{"href":"https:\/\/advocaciapinheiro.com\/en\/wp-json\/wp\/v2\/posts\/3524","targetHints":{"allow":["GET"]}}],"collection":[{"href":"https:\/\/advocaciapinheiro.com\/en\/wp-json\/wp\/v2\/posts"}],"about":[{"href":"https:\/\/advocaciapinheiro.com\/en\/wp-json\/wp\/v2\/types\/post"}],"author":[{"embeddable":true,"href":"https:\/\/advocaciapinheiro.com\/en\/wp-json\/wp\/v2\/users\/2"}],"replies":[{"embeddable":true,"href":"https:\/\/advocaciapinheiro.com\/en\/wp-json\/wp\/v2\/comments?post=3524"}],"version-history":[{"count":1,"href":"https:\/\/advocaciapinheiro.com\/en\/wp-json\/wp\/v2\/posts\/3524\/revisions"}],"predecessor-version":[{"id":4397,"href":"https:\/\/advocaciapinheiro.com\/en\/wp-json\/wp\/v2\/posts\/3524\/revisions\/4397"}],"wp:featuredmedia":[{"embeddable":true,"href":"https:\/\/advocaciapinheiro.com\/en\/wp-json\/wp\/v2\/media\/3525"}],"wp:attachment":[{"href":"https:\/\/advocaciapinheiro.com\/en\/wp-json\/wp\/v2\/media?parent=3524"}],"wp:term":[{"taxonomy":"category","embeddable":true,"href":"https:\/\/advocaciapinheiro.com\/en\/wp-json\/wp\/v2\/categories?post=3524"},{"taxonomy":"post_tag","embeddable":true,"href":"https:\/\/advocaciapinheiro.com\/en\/wp-json\/wp\/v2\/tags?post=3524"}],"curies":[{"name":"wp","href":"https:\/\/api.w.org\/{rel}","templated":true}]}}