{"id":3649,"date":"2017-12-22T13:16:39","date_gmt":"2017-12-22T16:16:39","guid":{"rendered":"http:\/\/advocaciapinheiro.adv.br\/?p=3649"},"modified":"2018-12-06T19:54:44","modified_gmt":"2018-12-06T19:54:44","slug":"ana-hickmann-legitima-defesa-passo-passo","status":"publish","type":"post","link":"https:\/\/advocaciapinheiro.com\/en\/ana-hickmann-legitima-defesa-passo-passo\/","title":{"rendered":"Caso Ana Hickmann e Leg\u00edtima Defesa, passo a passo"},"content":{"rendered":"<p><strong>Acusa\u00e7\u00e3o de homic\u00eddio doloso contra Gustavo Corr\u00eaa<\/strong><\/p>\n<p>I &#8211; INTRODU\u00c7\u00c3O<\/p>\n<p>Not\u00edcias no sentido de que um promotor de justi\u00e7a pedir\u00e1 pena de 6 a 20 anos, para o cunhado de Ana Hickmann, Gustavo Corr\u00eaa, agitou as redes sociais.<\/p>\n<p>Como se tem not\u00edcia, a apresentadora Ana Hickmann sofreu um homem chamado Rodrigo de P\u00e1dua, em maio de 2016.<\/p>\n<p>Para melhor esclarecer, transcreve-se um trecho da mat\u00e9ria veiculada no site do G1:<\/p>\n<p>&#8220;Rodrigo, que era de Juiz de Fora, na Zona da Mata, estava hospedado no mesmo hotel que Ana Hickmann, no dia 21 de maio de 2016. Segundo o boletim de ocorr\u00eancia, ele rendeu Gustavo e o obrigou a ir at\u00e9 o quarto de Ana, onde tamb\u00e9m estava a mulher dele, Giovana, que \u00e9 assessora da apresentadora.<br \/>\nO delegado de Homic\u00eddios Fl\u00e1vio Grossi contou \u00e0 \u00e9poca do crime que Ana Hickmann desmaiou depois que Giovana, j\u00e1 baleada, caiu de costas sobre seu bra\u00e7o. As duas foram socorridas pelo cabeleireiro que atenderia a modelo. Ele chegou a gravar, no telefone, trechos da conversa de Rodrigo com a equipe de Ana Hickmann rendida dentro do quarto.<br \/>\nAs duas mulheres deixaram o quarto no momento em que Gustavo come\u00e7ou a lutar com Rodrigo. Na luta, Rodrigo foi morto com tr\u00eas tiros. Giovana contou, em depoimento, que o &#8216;f\u00e3&#8217; falou em &#8216;roleta russa'&#8221;.<br \/>\nEste artigo abordar\u00e1 o assunto de maneira superficial, sem a pretens\u00e3o de esgotar o assunto, uma vez que tem o objetivo de oferecer, apenas, uma base de probabilidades ao p\u00fablico geral.<\/p>\n<p>II &#8211; A TESE DE LEG\u00cdTIMA DEFESA<\/p>\n<p>De acordo com o C\u00f3digo Penal, n\u00e3o h\u00e1 crime quando o agente pratica o fato em leg\u00edtima defesa. \u00c9 o que se depreende do artigo 23, inciso II.<\/p>\n<p>&#8220;Art. 23 &#8211; N\u00e3o h\u00e1 crime quando o agente pratica o fato:<br \/>\nI &#8211; em estado de necessidade;<br \/>\nII &#8211; em leg\u00edtima defesa;<br \/>\nIII &#8211; em estrito cumprimento de dever legal ou no exerc\u00edcio regular de direito.<br \/>\nPar\u00e1grafo \u00fanico &#8211; O agente, em qualquer das hip\u00f3teses deste artigo, responder\u00e1 pelo excesso doloso ou culposo.<br \/>\nContudo, a den\u00fancia do Minist\u00e9rio P\u00fablico &#8211; que inicia a a\u00e7\u00e3o penal &#8211; entende n\u00e3o ter havido a leg\u00edtima defesa, por parte de Gustavo Corr\u00eaa.<\/p>\n<p>III &#8211; DEFINI\u00c7\u00c3O DE LEG\u00cdTIMA DEFESA<\/p>\n<p>O artigo 25, do C\u00f3digo Penal define o que vem a ser a leg\u00edtima defesa. Conveniente transcrev\u00ea-lo abaixo:<\/p>\n<p>&#8221; Art. 25 &#8211; Entende-se em leg\u00edtima defesa quem, usando moderadamente dos meios necess\u00e1rios, repele injusta agress\u00e3o, atual ou iminente, a direito seu ou de outrem &#8220;.<br \/>\nA grande quest\u00e3o seria definir o que seria&#8221; moderadamente &#8220;e&#8221; meios necess\u00e1rios &#8220;.<\/p>\n<p>Al\u00e9m disso, saliente-se que, tamb\u00e9m ser\u00e1 discutida a figura do&#8221;excesso pun\u00edvel&#8221;, prevista no par\u00e1grafo \u00fanico, do artigo 23, do CP, como supratranscrito.<\/p>\n<p>IV &#8211; TRIBUNAL DO J\u00daRI<\/p>\n<p>Vale lembrar que, o fato de o Minist\u00e9rio P\u00fablico ter denunciado Gustavo Corr\u00eaa, n\u00e3o significa condena\u00e7\u00e3o. Isso porque, Gustavo poder\u00e1 ser absolvido, at\u00e9 mesmo sem haver j\u00fari.<\/p>\n<p>\u00c9 que, o processo relativo ao j\u00fari divide-se em duas fases. Na primeira fase, h\u00e1 a den\u00fancia do Minist\u00e9rio P\u00fablico (in\u00edcio da a\u00e7\u00e3o penal), podendo haver pron\u00fancia ou impron\u00fancia ou, ainda absolvi\u00e7\u00e3o sum\u00e1ria, conforme se demonstra nos artigos do C\u00f3digo de Processo Penal, abaixo transcritos:<\/p>\n<p>a) Pron\u00fancia (413, CPP)<\/p>\n<p>A pron\u00fancia, em simples palavras, significa que o processo ser\u00e1 remetido ao tribunal do j\u00fari. Neste caso, o juiz pronuncia o acusado, por estar convencido de existir materialidade do fato e exist\u00eancia de ind\u00edcios de autoria:<\/p>\n<p>Art. 413. O juiz, fundamentadamente, pronunciar\u00e1 o acusado, se convencido da materialidade do fato e da exist\u00eancia de ind\u00edcios suficientes de autoria ou de participa\u00e7\u00e3o.<\/p>\n<p>b) Impron\u00fancia (414, CPP)<\/p>\n<p>A impron\u00fancia \u00e9 pedida pela defesa, para que o processo seja extinto, n\u00e3o sendo, portanto, remetido ao julgamento do j\u00fari:<\/p>\n<p>Art. 414. N\u00e3o se convencendo da materialidade do fato ou da exist\u00eancia de ind\u00edcios suficientes de autoria ou de participa\u00e7\u00e3o, o juiz, fundamentadamente, impronunciar\u00e1 o acusado.<\/p>\n<p>c) Absolvi\u00e7\u00e3o Sum\u00e1ria (415, CPP)<\/p>\n<p>A absolvi\u00e7\u00e3o sum\u00e1ria est\u00e1 prevista no artigo 415, do C\u00f3digo de Processo Penal. O pr\u00f3prio nome j\u00e1 evidencia que, nesse caso, o r\u00e9u \u00e9 absolvido sumariamente, sem necessidade de que o r\u00e9u enfrente o julgamento do j\u00fari:<\/p>\n<p>Art. 415. O juiz, fundamentadamente, absolver\u00e1 desde logo o acusado, quando:<br \/>\nI \u2013 provada a inexist\u00eancia do fato;<br \/>\nII \u2013 provado n\u00e3o ser ele autor ou part\u00edcipe do fato;<br \/>\nIII \u2013 o fato n\u00e3o constituir infra\u00e7\u00e3o penal;<br \/>\nIV \u2013 demonstrada causa de isen\u00e7\u00e3o de pena ou de exclus\u00e3o do crime.<\/p>\n<p>Note-se que, o juiz poder\u00e1 absolver, desde logo o acusado, quando demonstrada causa de exclus\u00e3o do crime, que \u00e9 o caso da leg\u00edtima defesa.<\/p>\n<p>Conclui-se, portanto, que o r\u00e9u Gustavo Corr\u00eaa, embora tenha sido denunciado pelo Minist\u00e9rio P\u00fablico, como autor de homic\u00eddio doloso, poder\u00e1 ser absolvido, at\u00e9 mesmo sem haver julgamento do Tribunal do J\u00fari.<\/p>\n<p>Por fim, caso o processo seja enviado para julgamento no Tribunal do J\u00fari, os jurados poder\u00e3o absolver Gustavo Corr\u00eaa das imputa\u00e7\u00f5es, tendo em vista a leg\u00edtima defesa.<\/p>\n<p><strong>Adriano M Pinheiro \u00e9 advogado em S\u00e3o Paulo, articulista e palestrante<\/strong><\/p>\n<p><strong>Contatos<\/strong>: pinheiro@advocaciapinheiro.com | (11) 2478-05890 | Whatsapp (11) 99999-7566<\/p>\n","protected":false},"excerpt":{"rendered":"<p>Acusa\u00e7\u00e3o de homic\u00eddio doloso contra Gustavo Corr\u00eaa I &#8211; INTRODU\u00c7\u00c3O Not\u00edcias no sentido de que um promotor de justi\u00e7a pedir\u00e1 pena de 6 a 20 anos, para o cunhado de Ana Hickmann, Gustavo Corr\u00eaa, agitou as redes sociais. Como se tem not\u00edcia, a apresentadora Ana Hickmann sofreu um homem chamado Rodrigo de P\u00e1dua, em maio [&hellip;]<\/p>\n","protected":false},"author":2,"featured_media":3650,"comment_status":"open","ping_status":"open","sticky":false,"template":"","format":"standard","meta":{"footnotes":""},"categories":[2],"tags":[656,657,658,659],"class_list":["post-3649","post","type-post","status-publish","format-standard","has-post-thumbnail","hentry","category-posts","tag-ana-hickmann","tag-cunhado-de-ana-hickmann","tag-gustavo-correa-juri","tag-gustavo-correa-legitima-defesa"],"yoast_head":"<!-- This site is optimized with the Yoast SEO Premium plugin v23.8 (Yoast SEO v24.1) - https:\/\/yoast.com\/wordpress\/plugins\/seo\/ -->\n<title>Caso Ana Hickmann e Leg\u00edtima Defesa, passo a passo<\/title>\n<meta name=\"description\" content=\"Not\u00edcias no sentido de que um promotor de justi\u00e7a pedir\u00e1 pena de 6 a 20 anos, para o cunhado de Ana Hickmann, Gustavo Corr\u00eaa, agitou as redes sociais.\" \/>\n<meta name=\"robots\" content=\"index, follow, max-snippet:-1, max-image-preview:large, max-video-preview:-1\" \/>\n<link rel=\"canonical\" href=\"https:\/\/advocaciapinheiro.com\/en\/ana-hickmann-legitima-defesa-passo-passo\/\" \/>\n<meta property=\"og:locale\" content=\"pt_PT\" \/>\n<meta property=\"og:type\" content=\"article\" \/>\n<meta property=\"og:title\" content=\"Caso Ana Hickmann e Leg\u00edtima Defesa, passo a passo\" \/>\n<meta property=\"og:description\" content=\"Not\u00edcias no sentido de que um promotor de justi\u00e7a pedir\u00e1 pena de 6 a 20 anos, para o cunhado de Ana Hickmann, Gustavo Corr\u00eaa, agitou as redes sociais.\" \/>\n<meta property=\"og:url\" content=\"https:\/\/advocaciapinheiro.com\/en\/ana-hickmann-legitima-defesa-passo-passo\/\" \/>\n<meta property=\"og:site_name\" content=\"Advocacia Portugal | Imigra\u00e7\u00e3o\" \/>\n<meta property=\"article:publisher\" content=\"https:\/\/www.facebook.com\/AdvocaciaAmPinheiro\" \/>\n<meta property=\"article:published_time\" content=\"2017-12-22T16:16:39+00:00\" \/>\n<meta property=\"article:modified_time\" content=\"2018-12-06T19:54:44+00:00\" \/>\n<meta property=\"og:image\" content=\"https:\/\/advocaciapinheiro.com\/en\/wp-content\/uploads\/2017\/12\/ana-hickamnn-gustavo-correa-leg\u00edtima-defesa.png\" \/>\n\t<meta property=\"og:image:width\" content=\"1270\" \/>\n\t<meta property=\"og:image:height\" content=\"720\" \/>\n\t<meta property=\"og:image:type\" content=\"image\/png\" \/>\n<meta name=\"author\" content=\"Pinheiro\" \/>\n<meta name=\"twitter:card\" content=\"summary_large_image\" \/>\n<meta name=\"twitter:creator\" content=\"@sp_advogado\" \/>\n<meta name=\"twitter:site\" content=\"@sp_advogado\" \/>\n<meta name=\"twitter:label1\" content=\"Escrito por\" \/>\n\t<meta name=\"twitter:data1\" content=\"Pinheiro\" \/>\n\t<meta name=\"twitter:label2\" content=\"Tempo estimado de leitura\" \/>\n\t<meta name=\"twitter:data2\" content=\"5 minutos\" \/>\n<script type=\"application\/ld+json\" class=\"yoast-schema-graph\">{\"@context\":\"https:\/\/schema.org\",\"@graph\":[{\"@type\":\"Article\",\"@id\":\"https:\/\/advocaciapinheiro.com\/en\/ana-hickmann-legitima-defesa-passo-passo\/#article\",\"isPartOf\":{\"@id\":\"https:\/\/advocaciapinheiro.com\/en\/ana-hickmann-legitima-defesa-passo-passo\/\"},\"author\":{\"name\":\"Pinheiro\",\"@id\":\"https:\/\/advocaciapinheiro.com\/en\/#\/schema\/person\/b7cd817243740faca399f29054873fb8\"},\"headline\":\"Caso Ana Hickmann e Leg\u00edtima Defesa, passo a passo\",\"datePublished\":\"2017-12-22T16:16:39+00:00\",\"dateModified\":\"2018-12-06T19:54:44+00:00\",\"mainEntityOfPage\":{\"@id\":\"https:\/\/advocaciapinheiro.com\/en\/ana-hickmann-legitima-defesa-passo-passo\/\"},\"wordCount\":925,\"commentCount\":0,\"publisher\":{\"@id\":\"https:\/\/advocaciapinheiro.com\/en\/#organization\"},\"image\":{\"@id\":\"https:\/\/advocaciapinheiro.com\/en\/ana-hickmann-legitima-defesa-passo-passo\/#primaryimage\"},\"thumbnailUrl\":\"https:\/\/advocaciapinheiro.com\/en\/wp-content\/uploads\/2017\/12\/ana-hickamnn-gustavo-correa-leg\u00edtima-defesa.png\",\"keywords\":[\"ana hickmann\",\"cunhado de ana hickmann\",\"gustavo correa juri\",\"gustavo correa leg\u00edtima defesa\"],\"articleSection\":[\"Posts\"],\"inLanguage\":\"pt-PT\",\"potentialAction\":[{\"@type\":\"CommentAction\",\"name\":\"Comment\",\"target\":[\"https:\/\/advocaciapinheiro.com\/en\/ana-hickmann-legitima-defesa-passo-passo\/#respond\"]}]},{\"@type\":\"WebPage\",\"@id\":\"https:\/\/advocaciapinheiro.com\/en\/ana-hickmann-legitima-defesa-passo-passo\/\",\"url\":\"https:\/\/advocaciapinheiro.com\/en\/ana-hickmann-legitima-defesa-passo-passo\/\",\"name\":\"Caso Ana Hickmann e Leg\u00edtima Defesa, passo a passo\",\"isPartOf\":{\"@id\":\"https:\/\/advocaciapinheiro.com\/en\/#website\"},\"primaryImageOfPage\":{\"@id\":\"https:\/\/advocaciapinheiro.com\/en\/ana-hickmann-legitima-defesa-passo-passo\/#primaryimage\"},\"image\":{\"@id\":\"https:\/\/advocaciapinheiro.com\/en\/ana-hickmann-legitima-defesa-passo-passo\/#primaryimage\"},\"thumbnailUrl\":\"https:\/\/advocaciapinheiro.com\/en\/wp-content\/uploads\/2017\/12\/ana-hickamnn-gustavo-correa-leg\u00edtima-defesa.png\",\"datePublished\":\"2017-12-22T16:16:39+00:00\",\"dateModified\":\"2018-12-06T19:54:44+00:00\",\"description\":\"Not\u00edcias no sentido de que um promotor de justi\u00e7a pedir\u00e1 pena de 6 a 20 anos, para o cunhado de Ana Hickmann, Gustavo Corr\u00eaa, agitou as redes sociais.\",\"breadcrumb\":{\"@id\":\"https:\/\/advocaciapinheiro.com\/en\/ana-hickmann-legitima-defesa-passo-passo\/#breadcrumb\"},\"inLanguage\":\"pt-PT\",\"potentialAction\":[{\"@type\":\"ReadAction\",\"target\":[\"https:\/\/advocaciapinheiro.com\/en\/ana-hickmann-legitima-defesa-passo-passo\/\"]}]},{\"@type\":\"ImageObject\",\"inLanguage\":\"pt-PT\",\"@id\":\"https:\/\/advocaciapinheiro.com\/en\/ana-hickmann-legitima-defesa-passo-passo\/#primaryimage\",\"url\":\"https:\/\/advocaciapinheiro.com\/en\/wp-content\/uploads\/2017\/12\/ana-hickamnn-gustavo-correa-leg\u00edtima-defesa.png\",\"contentUrl\":\"https:\/\/advocaciapinheiro.com\/en\/wp-content\/uploads\/2017\/12\/ana-hickamnn-gustavo-correa-leg\u00edtima-defesa.png\",\"width\":1270,\"height\":720,\"caption\":\"ana-hickamnn-gustavo-correa-leg\u00edtima-defesa\"},{\"@type\":\"BreadcrumbList\",\"@id\":\"https:\/\/advocaciapinheiro.com\/en\/ana-hickmann-legitima-defesa-passo-passo\/#breadcrumb\",\"itemListElement\":[{\"@type\":\"ListItem\",\"position\":1,\"name\":\"In\u00edcio\",\"item\":\"https:\/\/advocaciapinheiro.com\/en\/\"},{\"@type\":\"ListItem\",\"position\":2,\"name\":\"Caso Ana Hickmann e Leg\u00edtima Defesa, passo a passo\"}]},{\"@type\":\"WebSite\",\"@id\":\"https:\/\/advocaciapinheiro.com\/en\/#website\",\"url\":\"https:\/\/advocaciapinheiro.com\/en\/\",\"name\":\"Advocacia Portugal | Imigra\u00e7\u00e3o\",\"description\":\"Advogados | Imigra\u00e7\u00e3o | Portugal\",\"publisher\":{\"@id\":\"https:\/\/advocaciapinheiro.com\/en\/#organization\"},\"potentialAction\":[{\"@type\":\"SearchAction\",\"target\":{\"@type\":\"EntryPoint\",\"urlTemplate\":\"https:\/\/advocaciapinheiro.com\/en\/?s={search_term_string}\"},\"query-input\":{\"@type\":\"PropertyValueSpecification\",\"valueRequired\":true,\"valueName\":\"search_term_string\"}}],\"inLanguage\":\"pt-PT\"},{\"@type\":\"Organization\",\"@id\":\"https:\/\/advocaciapinheiro.com\/en\/#organization\",\"name\":\"Advocacia Portugal | Imigra\u00e7\u00e3o\",\"url\":\"https:\/\/advocaciapinheiro.com\/en\/\",\"logo\":{\"@type\":\"ImageObject\",\"inLanguage\":\"pt-PT\",\"@id\":\"https:\/\/advocaciapinheiro.com\/en\/#\/schema\/logo\/image\/\",\"url\":\"https:\/\/advocaciapinheiro.com\/en\/wp-content\/uploads\/2024\/12\/advogado-cidadani-portugal-adriano-martins-pinheiro-logo.webp\",\"contentUrl\":\"https:\/\/advocaciapinheiro.com\/en\/wp-content\/uploads\/2024\/12\/advogado-cidadani-portugal-adriano-martins-pinheiro-logo.webp\",\"width\":1600,\"height\":568,\"caption\":\"Advocacia Portugal | Imigra\u00e7\u00e3o\"},\"image\":{\"@id\":\"https:\/\/advocaciapinheiro.com\/en\/#\/schema\/logo\/image\/\"},\"sameAs\":[\"https:\/\/www.facebook.com\/AdvocaciaAmPinheiro\",\"https:\/\/x.com\/sp_advogado\",\"https:\/\/www.instagram.com\/advocaciabrasilportugal\/\",\"https:\/\/www.facebook.com\/adrianomartinspinheiroadvocacia\",\"https:\/\/www.youtube.com\/user\/PinheiroLAW\"]},{\"@type\":\"Person\",\"@id\":\"https:\/\/advocaciapinheiro.com\/en\/#\/schema\/person\/b7cd817243740faca399f29054873fb8\",\"name\":\"Pinheiro\",\"image\":{\"@type\":\"ImageObject\",\"inLanguage\":\"pt-PT\",\"@id\":\"https:\/\/advocaciapinheiro.com\/en\/#\/schema\/person\/image\/\",\"url\":\"https:\/\/secure.gravatar.com\/avatar\/f7c804b99a019b968ee9fc812457d64c?s=96&d=mm&r=g\",\"contentUrl\":\"https:\/\/secure.gravatar.com\/avatar\/f7c804b99a019b968ee9fc812457d64c?s=96&d=mm&r=g\",\"caption\":\"Pinheiro\"},\"sameAs\":[\"https:\/\/advocaciapinheiro.com\/en\"],\"url\":\"https:\/\/advocaciapinheiro.com\/en\/author\/pinheiro\/\"}]}<\/script>\n<!-- \/ Yoast SEO Premium plugin. -->","yoast_head_json":{"title":"Caso Ana Hickmann e Leg\u00edtima Defesa, passo a passo","description":"Not\u00edcias no sentido de que um promotor de justi\u00e7a pedir\u00e1 pena de 6 a 20 anos, para o cunhado de Ana Hickmann, Gustavo Corr\u00eaa, agitou as redes sociais.","robots":{"index":"index","follow":"follow","max-snippet":"max-snippet:-1","max-image-preview":"max-image-preview:large","max-video-preview":"max-video-preview:-1"},"canonical":"https:\/\/advocaciapinheiro.com\/en\/ana-hickmann-legitima-defesa-passo-passo\/","og_locale":"pt_PT","og_type":"article","og_title":"Caso Ana Hickmann e Leg\u00edtima Defesa, passo a passo","og_description":"Not\u00edcias no sentido de que um promotor de justi\u00e7a pedir\u00e1 pena de 6 a 20 anos, para o cunhado de Ana Hickmann, Gustavo Corr\u00eaa, agitou as redes sociais.","og_url":"https:\/\/advocaciapinheiro.com\/en\/ana-hickmann-legitima-defesa-passo-passo\/","og_site_name":"Advocacia Portugal | Imigra\u00e7\u00e3o","article_publisher":"https:\/\/www.facebook.com\/AdvocaciaAmPinheiro","article_published_time":"2017-12-22T16:16:39+00:00","article_modified_time":"2018-12-06T19:54:44+00:00","og_image":[{"width":1270,"height":720,"url":"https:\/\/advocaciapinheiro.com\/en\/wp-content\/uploads\/2017\/12\/ana-hickamnn-gustavo-correa-leg\u00edtima-defesa.png","type":"image\/png"}],"author":"Pinheiro","twitter_card":"summary_large_image","twitter_creator":"@sp_advogado","twitter_site":"@sp_advogado","twitter_misc":{"Escrito por":"Pinheiro","Tempo estimado de leitura":"5 minutos"},"schema":{"@context":"https:\/\/schema.org","@graph":[{"@type":"Article","@id":"https:\/\/advocaciapinheiro.com\/en\/ana-hickmann-legitima-defesa-passo-passo\/#article","isPartOf":{"@id":"https:\/\/advocaciapinheiro.com\/en\/ana-hickmann-legitima-defesa-passo-passo\/"},"author":{"name":"Pinheiro","@id":"https:\/\/advocaciapinheiro.com\/en\/#\/schema\/person\/b7cd817243740faca399f29054873fb8"},"headline":"Caso Ana Hickmann e Leg\u00edtima Defesa, passo a passo","datePublished":"2017-12-22T16:16:39+00:00","dateModified":"2018-12-06T19:54:44+00:00","mainEntityOfPage":{"@id":"https:\/\/advocaciapinheiro.com\/en\/ana-hickmann-legitima-defesa-passo-passo\/"},"wordCount":925,"commentCount":0,"publisher":{"@id":"https:\/\/advocaciapinheiro.com\/en\/#organization"},"image":{"@id":"https:\/\/advocaciapinheiro.com\/en\/ana-hickmann-legitima-defesa-passo-passo\/#primaryimage"},"thumbnailUrl":"https:\/\/advocaciapinheiro.com\/en\/wp-content\/uploads\/2017\/12\/ana-hickamnn-gustavo-correa-leg\u00edtima-defesa.png","keywords":["ana hickmann","cunhado de ana hickmann","gustavo correa juri","gustavo correa leg\u00edtima defesa"],"articleSection":["Posts"],"inLanguage":"pt-PT","potentialAction":[{"@type":"CommentAction","name":"Comment","target":["https:\/\/advocaciapinheiro.com\/en\/ana-hickmann-legitima-defesa-passo-passo\/#respond"]}]},{"@type":"WebPage","@id":"https:\/\/advocaciapinheiro.com\/en\/ana-hickmann-legitima-defesa-passo-passo\/","url":"https:\/\/advocaciapinheiro.com\/en\/ana-hickmann-legitima-defesa-passo-passo\/","name":"Caso Ana Hickmann e Leg\u00edtima Defesa, passo a passo","isPartOf":{"@id":"https:\/\/advocaciapinheiro.com\/en\/#website"},"primaryImageOfPage":{"@id":"https:\/\/advocaciapinheiro.com\/en\/ana-hickmann-legitima-defesa-passo-passo\/#primaryimage"},"image":{"@id":"https:\/\/advocaciapinheiro.com\/en\/ana-hickmann-legitima-defesa-passo-passo\/#primaryimage"},"thumbnailUrl":"https:\/\/advocaciapinheiro.com\/en\/wp-content\/uploads\/2017\/12\/ana-hickamnn-gustavo-correa-leg\u00edtima-defesa.png","datePublished":"2017-12-22T16:16:39+00:00","dateModified":"2018-12-06T19:54:44+00:00","description":"Not\u00edcias no sentido de que um promotor de justi\u00e7a pedir\u00e1 pena de 6 a 20 anos, para o cunhado de Ana Hickmann, Gustavo Corr\u00eaa, agitou as redes sociais.","breadcrumb":{"@id":"https:\/\/advocaciapinheiro.com\/en\/ana-hickmann-legitima-defesa-passo-passo\/#breadcrumb"},"inLanguage":"pt-PT","potentialAction":[{"@type":"ReadAction","target":["https:\/\/advocaciapinheiro.com\/en\/ana-hickmann-legitima-defesa-passo-passo\/"]}]},{"@type":"ImageObject","inLanguage":"pt-PT","@id":"https:\/\/advocaciapinheiro.com\/en\/ana-hickmann-legitima-defesa-passo-passo\/#primaryimage","url":"https:\/\/advocaciapinheiro.com\/en\/wp-content\/uploads\/2017\/12\/ana-hickamnn-gustavo-correa-leg\u00edtima-defesa.png","contentUrl":"https:\/\/advocaciapinheiro.com\/en\/wp-content\/uploads\/2017\/12\/ana-hickamnn-gustavo-correa-leg\u00edtima-defesa.png","width":1270,"height":720,"caption":"ana-hickamnn-gustavo-correa-leg\u00edtima-defesa"},{"@type":"BreadcrumbList","@id":"https:\/\/advocaciapinheiro.com\/en\/ana-hickmann-legitima-defesa-passo-passo\/#breadcrumb","itemListElement":[{"@type":"ListItem","position":1,"name":"In\u00edcio","item":"https:\/\/advocaciapinheiro.com\/en\/"},{"@type":"ListItem","position":2,"name":"Caso Ana Hickmann e Leg\u00edtima Defesa, passo a passo"}]},{"@type":"WebSite","@id":"https:\/\/advocaciapinheiro.com\/en\/#website","url":"https:\/\/advocaciapinheiro.com\/en\/","name":"Advocacia Portugal | Imigra\u00e7\u00e3o","description":"Advogados | Imigra\u00e7\u00e3o | Portugal","publisher":{"@id":"https:\/\/advocaciapinheiro.com\/en\/#organization"},"potentialAction":[{"@type":"SearchAction","target":{"@type":"EntryPoint","urlTemplate":"https:\/\/advocaciapinheiro.com\/en\/?s={search_term_string}"},"query-input":{"@type":"PropertyValueSpecification","valueRequired":true,"valueName":"search_term_string"}}],"inLanguage":"pt-PT"},{"@type":"Organization","@id":"https:\/\/advocaciapinheiro.com\/en\/#organization","name":"Advocacia Portugal | Imigra\u00e7\u00e3o","url":"https:\/\/advocaciapinheiro.com\/en\/","logo":{"@type":"ImageObject","inLanguage":"pt-PT","@id":"https:\/\/advocaciapinheiro.com\/en\/#\/schema\/logo\/image\/","url":"https:\/\/advocaciapinheiro.com\/en\/wp-content\/uploads\/2024\/12\/advogado-cidadani-portugal-adriano-martins-pinheiro-logo.webp","contentUrl":"https:\/\/advocaciapinheiro.com\/en\/wp-content\/uploads\/2024\/12\/advogado-cidadani-portugal-adriano-martins-pinheiro-logo.webp","width":1600,"height":568,"caption":"Advocacia Portugal | Imigra\u00e7\u00e3o"},"image":{"@id":"https:\/\/advocaciapinheiro.com\/en\/#\/schema\/logo\/image\/"},"sameAs":["https:\/\/www.facebook.com\/AdvocaciaAmPinheiro","https:\/\/x.com\/sp_advogado","https:\/\/www.instagram.com\/advocaciabrasilportugal\/","https:\/\/www.facebook.com\/adrianomartinspinheiroadvocacia","https:\/\/www.youtube.com\/user\/PinheiroLAW"]},{"@type":"Person","@id":"https:\/\/advocaciapinheiro.com\/en\/#\/schema\/person\/b7cd817243740faca399f29054873fb8","name":"Pinheiro","image":{"@type":"ImageObject","inLanguage":"pt-PT","@id":"https:\/\/advocaciapinheiro.com\/en\/#\/schema\/person\/image\/","url":"https:\/\/secure.gravatar.com\/avatar\/f7c804b99a019b968ee9fc812457d64c?s=96&d=mm&r=g","contentUrl":"https:\/\/secure.gravatar.com\/avatar\/f7c804b99a019b968ee9fc812457d64c?s=96&d=mm&r=g","caption":"Pinheiro"},"sameAs":["https:\/\/advocaciapinheiro.com\/en"],"url":"https:\/\/advocaciapinheiro.com\/en\/author\/pinheiro\/"}]}},"_links":{"self":[{"href":"https:\/\/advocaciapinheiro.com\/en\/wp-json\/wp\/v2\/posts\/3649","targetHints":{"allow":["GET"]}}],"collection":[{"href":"https:\/\/advocaciapinheiro.com\/en\/wp-json\/wp\/v2\/posts"}],"about":[{"href":"https:\/\/advocaciapinheiro.com\/en\/wp-json\/wp\/v2\/types\/post"}],"author":[{"embeddable":true,"href":"https:\/\/advocaciapinheiro.com\/en\/wp-json\/wp\/v2\/users\/2"}],"replies":[{"embeddable":true,"href":"https:\/\/advocaciapinheiro.com\/en\/wp-json\/wp\/v2\/comments?post=3649"}],"version-history":[{"count":1,"href":"https:\/\/advocaciapinheiro.com\/en\/wp-json\/wp\/v2\/posts\/3649\/revisions"}],"predecessor-version":[{"id":4356,"href":"https:\/\/advocaciapinheiro.com\/en\/wp-json\/wp\/v2\/posts\/3649\/revisions\/4356"}],"wp:featuredmedia":[{"embeddable":true,"href":"https:\/\/advocaciapinheiro.com\/en\/wp-json\/wp\/v2\/media\/3650"}],"wp:attachment":[{"href":"https:\/\/advocaciapinheiro.com\/en\/wp-json\/wp\/v2\/media?parent=3649"}],"wp:term":[{"taxonomy":"category","embeddable":true,"href":"https:\/\/advocaciapinheiro.com\/en\/wp-json\/wp\/v2\/categories?post=3649"},{"taxonomy":"post_tag","embeddable":true,"href":"https:\/\/advocaciapinheiro.com\/en\/wp-json\/wp\/v2\/tags?post=3649"}],"curies":[{"name":"wp","href":"https:\/\/api.w.org\/{rel}","templated":true}]}}