{"id":3652,"date":"2017-12-22T15:08:51","date_gmt":"2017-12-22T18:08:51","guid":{"rendered":"http:\/\/advocaciapinheiro.adv.br\/?p=3652"},"modified":"2018-12-06T19:54:44","modified_gmt":"2018-12-06T19:54:44","slug":"neymar-condenado-pagar-medico-parto-filho","status":"publish","type":"post","link":"https:\/\/advocaciapinheiro.com\/en\/neymar-condenado-pagar-medico-parto-filho\/","title":{"rendered":"Neymar condenado a pagar m\u00e9dico que realizou o parto de seu filho"},"content":{"rendered":"<p>Decis\u00e3o ser\u00e1 publicada em 2018<\/p>\n<p>O m\u00e9dico Herbert Kramer acionou o jogador Neymar Jr. na justi\u00e7a, buscando receber o pagamento de seus honor\u00e1rios m\u00e9dicos, relacionados ao nascimento do filho do atleta com Carolina Nogueira Dantas de Souza. O parto foi realizado em 2011.<\/p>\n<p>O juiz de 1\u00aa inst\u00e2ncia, ao proferir sua senten\u00e7a, fundamentou que o sistema jur\u00eddico n\u00e3o admite que algu\u00e9m trabalhe para outrem sem a justa remunera\u00e7\u00e3o, o que motivou sua decis\u00e3o em condenar Neymar Jr e Carolina Nogueira.<\/p>\n<p>Para melhor elucidar, transcreve-se, abaixo, um trecho da senten\u00e7a do Juiz Carlos Ortiz Gomes, da 9\u00aa Vara C\u00edvel de Santos\/SP.<\/p>\n<blockquote><p><em>&#8220;Como reconheceu em depoimento pessoal, j\u00e1 havia consenso pr\u00e9vio entre as partes, de que o parto seria realizado fora da \u00e1rea de atua\u00e7\u00e3o do autor, em S\u00e3o Paulo. J\u00e1 se sabia que seria realizado no Hospital S\u00e3o Luiz. Hospital que tem melhor estrutura. A demandada esclarece que tinha confian\u00e7a no autor e pretendia ser atendida por ele.<\/em><\/p>\n<p><em>O caso da gestante demandava cuidado, e se fez necess\u00e1ria a cirurgia ces\u00e1rea no dia seguinte ao diagn\u00f3stico por imagem, em virtude da&#8221; desconfian\u00e7a de oligoidr\u00e2mino cesariano &#8220;, &#8216;baixa de l\u00edquido amni\u00f3tico&#8221;. Ali\u00e1s, o quadro de urg\u00eancia foi corroborado pelo profissional que procedera ao exame de imagens.<\/em><\/p>\n<p><em>A necessidade do deslocamento da equipe m\u00e9dica, e o car\u00e1ter urgente do procedimento, bem como a notoriedade do pai da crian\u00e7a, s\u00e3o fatores que, definitivamente, tem seu peso na fixa\u00e7\u00e3o dos honor\u00e1rios m\u00e9dicos. Quanto a este \u00faltimo, basta imaginar a hip\u00f3tese de se registrar qualquer problema no procedimento, que se pudesse atribuir responsabilidade ao autor: haveria s\u00e9rio risco de levar a carreira do demandante \u00e0 ru\u00edna. Todo esse conjunto de fatores concorre para a eleva\u00e7\u00e3o do pre\u00e7o dos servi\u00e7os prestados&#8221;.<\/em><\/p><\/blockquote>\n<p>Tendo em vista tais fundamentos, o juiz sentenciante condenou os demandados (r\u00e9us) &#8211; Neymar JR. e Carolina Nogueira &#8211; a pagar os honor\u00e1rios ao m\u00e9dico que realizou o parto.<\/p>\n<p>Vale destacar um outro trecho da senten\u00e7a, reproduzido abaixo:<\/p>\n<blockquote><p>&#8221; Ainda que n\u00e3o concordasse com o valor, <span style=\"text-decoration: underline;\"><strong>\u00e9 lament\u00e1vel que, decorridos mais de cinco anos da presta\u00e7\u00e3o dos servi\u00e7os, o demandado n\u00e3o tenha at\u00e9 aqui, feito qualquer proposta firme para remunerar os profissionais que trabalharam no parto do filho<\/strong><\/span> &#8220;.<\/p><\/blockquote>\n<p>Destaque-se, portanto, que o juiz de primeira inst\u00e2ncia inconformou-se como fato de o jogador ter resistido pagar o trabalho prestado por um profissional, principalmente quanto este realizou o parto de seu filho.<\/p>\n<p>Sal\u00e1rio de Neymar Jr.<\/p>\n<p>Segundo a imprensa, o clube Paris Saint-Germain adquiriu Neymar em uma negocia\u00e7\u00e3o de mais de R$ 820 milh\u00f5es. O jogador brasileiro deixou o Barcelona em troca de um sal\u00e1rio de R$ 111 milh\u00f5es, por ano.<\/p>\n<p>Recurso ao Tribunal de Justi\u00e7a de SP<\/p>\n<p>Inconformados com a decis\u00e3o, Neymar JR. e Carolina Nogueira recorreram ao Tribunal de Justi\u00e7a, buscando alterar a senten\u00e7a.<\/p>\n<p>Contudo, o recurso n\u00e3o obteve \u00eaxito, como se v\u00ea no trecho da decis\u00e3o proferida pelo Tribunal de Justi\u00e7a de SP (TJSP), transcrita abaixo:<\/p>\n<blockquote><p><em>&#8220;A esse respeito, Carolina afirmou, em seu depoimento pessoal, que sempre quis que o autor realizasse o parto de seu filho, tendo sido acordado que o procedimento ocorreria em hospital fora da rede abrangida pelo plano de sa\u00fade. Al\u00e9m disso, informou que, com a mudan\u00e7a de local do nascimento para a comarca de S\u00e3o Paulo, o corr\u00e9u Neymar assumiria a responsabilidade pelo pagamento dos honor\u00e1rios m\u00e9dicos (cf. grava\u00e7\u00e3o em m\u00eddia digital &#8211; fl. 357).<\/em><\/p>\n<p><em>A ila\u00e7\u00e3o que se extrai, portanto, \u00e9 de que os r\u00e9us tinham conhecimento da necessidade de arcar com os honor\u00e1rios do autor j\u00e1 que o procedimento m\u00e9dico se daria fora de rede conveniada, sem contar que o corr\u00e9u Neymar se comprometeu a arcar com os custos referentes ao nascimento de seu filho&#8221;.<\/em><\/p><\/blockquote>\n<p>Com a fundamenta\u00e7\u00e3o acima, o TJSP condenou Neymar JR. e Carolina Nogueira a pagaram o valor de R$ 15 mil, referentes \u00e0 contrata\u00e7\u00e3o de assistente de obstetr\u00edcia e auxiliar de parto, al\u00e9m dos honor\u00e1rios m\u00e9dicos do m\u00e9dico Herbert Kramer, que ainda ser\u00e1 calculado na fase de liquida\u00e7\u00e3o de senten\u00e7a.<\/p>\n<p>Por fim, ficou evidente que os 4 julgadores &#8211; juiz de primeira inst\u00e2ncia, mais 3 desembargadores &#8211; estranharam a resist\u00eancia do jogador Neymar Jr. em arcar com o pagamento dos honor\u00e1rios m\u00e9dicos relacionados ao nascimento de seu filho.<\/p>\n<p>A decis\u00e3o ser\u00e1 publicada em 2018.<\/p>\n<p>Adriano Martins Pinheiro \u00e9 advogado em S\u00e3o Paulo, articulista e palestrante<\/p>\n","protected":false},"excerpt":{"rendered":"<p>Decis\u00e3o ser\u00e1 publicada em 2018 O m\u00e9dico Herbert Kramer acionou o jogador Neymar Jr. na justi\u00e7a, buscando receber o pagamento de seus honor\u00e1rios m\u00e9dicos, relacionados ao nascimento do filho do atleta com Carolina Nogueira Dantas de Souza. O parto foi realizado em 2011. O juiz de 1\u00aa inst\u00e2ncia, ao proferir sua senten\u00e7a, fundamentou que o [&hellip;]<\/p>\n","protected":false},"author":2,"featured_media":3653,"comment_status":"open","ping_status":"open","sticky":false,"template":"","format":"standard","meta":{"footnotes":""},"categories":[2],"tags":[660,661,662,663,664],"class_list":["post-3652","post","type-post","status-publish","format-standard","has-post-thumbnail","hentry","category-posts","tag-filho-de-neymar","tag-medico-herbert-kramer","tag-nascimento-filho-neymar","tag-neymar-filho","tag-parto-filho-de-neymar"],"yoast_head":"<!-- This site is optimized with the Yoast SEO Premium plugin v23.8 (Yoast SEO v24.1) - https:\/\/yoast.com\/wordpress\/plugins\/seo\/ -->\n<title>Neymar condenado a pagar m\u00e9dico que realizou o parto de seu filho<\/title>\n<meta name=\"description\" content=\"Juiz: \u00e9 lament\u00e1vel que, decorridos mais de cinco anos da presta\u00e7\u00e3o dos servi\u00e7os, Neymar n\u00e3o tenha feito qualquer proposta firme para remunerar os m\u00e9dicos\" \/>\n<meta name=\"robots\" content=\"index, follow, max-snippet:-1, max-image-preview:large, max-video-preview:-1\" \/>\n<link rel=\"canonical\" href=\"https:\/\/advocaciapinheiro.com\/en\/neymar-condenado-pagar-medico-parto-filho\/\" \/>\n<meta property=\"og:locale\" content=\"pt_PT\" \/>\n<meta property=\"og:type\" content=\"article\" \/>\n<meta property=\"og:title\" content=\"Neymar condenado a pagar m\u00e9dico que realizou o parto de seu filho\" \/>\n<meta property=\"og:description\" content=\"Juiz: \u00e9 lament\u00e1vel que, decorridos mais de cinco anos da presta\u00e7\u00e3o dos servi\u00e7os, Neymar n\u00e3o tenha feito qualquer proposta firme para remunerar os m\u00e9dicos\" \/>\n<meta property=\"og:url\" content=\"https:\/\/advocaciapinheiro.com\/en\/neymar-condenado-pagar-medico-parto-filho\/\" \/>\n<meta property=\"og:site_name\" content=\"Advocacia Portugal | Imigra\u00e7\u00e3o\" \/>\n<meta property=\"article:publisher\" content=\"https:\/\/www.facebook.com\/AdvocaciaAmPinheiro\" \/>\n<meta property=\"article:published_time\" content=\"2017-12-22T18:08:51+00:00\" \/>\n<meta property=\"article:modified_time\" content=\"2018-12-06T19:54:44+00:00\" \/>\n<meta property=\"og:image\" content=\"https:\/\/advocaciapinheiro.com\/en\/wp-content\/uploads\/2017\/12\/neymar-parto-filho.jpg\" \/>\n\t<meta property=\"og:image:width\" content=\"1017\" \/>\n\t<meta property=\"og:image:height\" content=\"470\" \/>\n\t<meta property=\"og:image:type\" content=\"image\/jpeg\" \/>\n<meta name=\"author\" content=\"Pinheiro\" \/>\n<meta name=\"twitter:card\" content=\"summary_large_image\" \/>\n<meta name=\"twitter:creator\" content=\"@sp_advogado\" \/>\n<meta name=\"twitter:site\" content=\"@sp_advogado\" \/>\n<meta name=\"twitter:label1\" content=\"Escrito por\" \/>\n\t<meta name=\"twitter:data1\" content=\"Pinheiro\" \/>\n\t<meta name=\"twitter:label2\" content=\"Tempo estimado de leitura\" \/>\n\t<meta name=\"twitter:data2\" content=\"4 minutos\" \/>\n<script type=\"application\/ld+json\" class=\"yoast-schema-graph\">{\"@context\":\"https:\/\/schema.org\",\"@graph\":[{\"@type\":\"Article\",\"@id\":\"https:\/\/advocaciapinheiro.com\/en\/neymar-condenado-pagar-medico-parto-filho\/#article\",\"isPartOf\":{\"@id\":\"https:\/\/advocaciapinheiro.com\/en\/neymar-condenado-pagar-medico-parto-filho\/\"},\"author\":{\"name\":\"Pinheiro\",\"@id\":\"https:\/\/advocaciapinheiro.com\/en\/#\/schema\/person\/b7cd817243740faca399f29054873fb8\"},\"headline\":\"Neymar condenado a pagar m\u00e9dico que realizou o parto de seu filho\",\"datePublished\":\"2017-12-22T18:08:51+00:00\",\"dateModified\":\"2018-12-06T19:54:44+00:00\",\"mainEntityOfPage\":{\"@id\":\"https:\/\/advocaciapinheiro.com\/en\/neymar-condenado-pagar-medico-parto-filho\/\"},\"wordCount\":799,\"commentCount\":0,\"publisher\":{\"@id\":\"https:\/\/advocaciapinheiro.com\/en\/#organization\"},\"image\":{\"@id\":\"https:\/\/advocaciapinheiro.com\/en\/neymar-condenado-pagar-medico-parto-filho\/#primaryimage\"},\"thumbnailUrl\":\"https:\/\/advocaciapinheiro.com\/en\/wp-content\/uploads\/2017\/12\/neymar-parto-filho.jpg\",\"keywords\":[\"filho de neymar\",\"m\u00e9dico Herbert Kramer\",\"nascimento filho neymar\",\"neymar filho\",\"parto filho de neymar\"],\"articleSection\":[\"Posts\"],\"inLanguage\":\"pt-PT\",\"potentialAction\":[{\"@type\":\"CommentAction\",\"name\":\"Comment\",\"target\":[\"https:\/\/advocaciapinheiro.com\/en\/neymar-condenado-pagar-medico-parto-filho\/#respond\"]}]},{\"@type\":\"WebPage\",\"@id\":\"https:\/\/advocaciapinheiro.com\/en\/neymar-condenado-pagar-medico-parto-filho\/\",\"url\":\"https:\/\/advocaciapinheiro.com\/en\/neymar-condenado-pagar-medico-parto-filho\/\",\"name\":\"Neymar condenado a pagar m\u00e9dico que realizou o parto de seu filho\",\"isPartOf\":{\"@id\":\"https:\/\/advocaciapinheiro.com\/en\/#website\"},\"primaryImageOfPage\":{\"@id\":\"https:\/\/advocaciapinheiro.com\/en\/neymar-condenado-pagar-medico-parto-filho\/#primaryimage\"},\"image\":{\"@id\":\"https:\/\/advocaciapinheiro.com\/en\/neymar-condenado-pagar-medico-parto-filho\/#primaryimage\"},\"thumbnailUrl\":\"https:\/\/advocaciapinheiro.com\/en\/wp-content\/uploads\/2017\/12\/neymar-parto-filho.jpg\",\"datePublished\":\"2017-12-22T18:08:51+00:00\",\"dateModified\":\"2018-12-06T19:54:44+00:00\",\"description\":\"Juiz: \u00e9 lament\u00e1vel que, decorridos mais de cinco anos da presta\u00e7\u00e3o dos servi\u00e7os, Neymar n\u00e3o tenha feito qualquer proposta firme para remunerar os m\u00e9dicos\",\"breadcrumb\":{\"@id\":\"https:\/\/advocaciapinheiro.com\/en\/neymar-condenado-pagar-medico-parto-filho\/#breadcrumb\"},\"inLanguage\":\"pt-PT\",\"potentialAction\":[{\"@type\":\"ReadAction\",\"target\":[\"https:\/\/advocaciapinheiro.com\/en\/neymar-condenado-pagar-medico-parto-filho\/\"]}]},{\"@type\":\"ImageObject\",\"inLanguage\":\"pt-PT\",\"@id\":\"https:\/\/advocaciapinheiro.com\/en\/neymar-condenado-pagar-medico-parto-filho\/#primaryimage\",\"url\":\"https:\/\/advocaciapinheiro.com\/en\/wp-content\/uploads\/2017\/12\/neymar-parto-filho.jpg\",\"contentUrl\":\"https:\/\/advocaciapinheiro.com\/en\/wp-content\/uploads\/2017\/12\/neymar-parto-filho.jpg\",\"width\":1017,\"height\":470,\"caption\":\"neymar-parto-filho\"},{\"@type\":\"BreadcrumbList\",\"@id\":\"https:\/\/advocaciapinheiro.com\/en\/neymar-condenado-pagar-medico-parto-filho\/#breadcrumb\",\"itemListElement\":[{\"@type\":\"ListItem\",\"position\":1,\"name\":\"In\u00edcio\",\"item\":\"https:\/\/advocaciapinheiro.com\/en\/\"},{\"@type\":\"ListItem\",\"position\":2,\"name\":\"Neymar condenado a pagar m\u00e9dico que realizou o parto de seu filho\"}]},{\"@type\":\"WebSite\",\"@id\":\"https:\/\/advocaciapinheiro.com\/en\/#website\",\"url\":\"https:\/\/advocaciapinheiro.com\/en\/\",\"name\":\"Advocacia Portugal | Imigra\u00e7\u00e3o\",\"description\":\"Advogados | Imigra\u00e7\u00e3o | Portugal\",\"publisher\":{\"@id\":\"https:\/\/advocaciapinheiro.com\/en\/#organization\"},\"potentialAction\":[{\"@type\":\"SearchAction\",\"target\":{\"@type\":\"EntryPoint\",\"urlTemplate\":\"https:\/\/advocaciapinheiro.com\/en\/?s={search_term_string}\"},\"query-input\":{\"@type\":\"PropertyValueSpecification\",\"valueRequired\":true,\"valueName\":\"search_term_string\"}}],\"inLanguage\":\"pt-PT\"},{\"@type\":\"Organization\",\"@id\":\"https:\/\/advocaciapinheiro.com\/en\/#organization\",\"name\":\"Advocacia Portugal | Imigra\u00e7\u00e3o\",\"url\":\"https:\/\/advocaciapinheiro.com\/en\/\",\"logo\":{\"@type\":\"ImageObject\",\"inLanguage\":\"pt-PT\",\"@id\":\"https:\/\/advocaciapinheiro.com\/en\/#\/schema\/logo\/image\/\",\"url\":\"https:\/\/advocaciapinheiro.com\/en\/wp-content\/uploads\/2024\/12\/advogado-cidadani-portugal-adriano-martins-pinheiro-logo.webp\",\"contentUrl\":\"https:\/\/advocaciapinheiro.com\/en\/wp-content\/uploads\/2024\/12\/advogado-cidadani-portugal-adriano-martins-pinheiro-logo.webp\",\"width\":1600,\"height\":568,\"caption\":\"Advocacia Portugal | Imigra\u00e7\u00e3o\"},\"image\":{\"@id\":\"https:\/\/advocaciapinheiro.com\/en\/#\/schema\/logo\/image\/\"},\"sameAs\":[\"https:\/\/www.facebook.com\/AdvocaciaAmPinheiro\",\"https:\/\/x.com\/sp_advogado\",\"https:\/\/www.instagram.com\/advocaciabrasilportugal\/\",\"https:\/\/www.facebook.com\/adrianomartinspinheiroadvocacia\",\"https:\/\/www.youtube.com\/user\/PinheiroLAW\"]},{\"@type\":\"Person\",\"@id\":\"https:\/\/advocaciapinheiro.com\/en\/#\/schema\/person\/b7cd817243740faca399f29054873fb8\",\"name\":\"Pinheiro\",\"image\":{\"@type\":\"ImageObject\",\"inLanguage\":\"pt-PT\",\"@id\":\"https:\/\/advocaciapinheiro.com\/en\/#\/schema\/person\/image\/\",\"url\":\"https:\/\/secure.gravatar.com\/avatar\/f7c804b99a019b968ee9fc812457d64c?s=96&d=mm&r=g\",\"contentUrl\":\"https:\/\/secure.gravatar.com\/avatar\/f7c804b99a019b968ee9fc812457d64c?s=96&d=mm&r=g\",\"caption\":\"Pinheiro\"},\"sameAs\":[\"https:\/\/advocaciapinheiro.com\/en\"],\"url\":\"https:\/\/advocaciapinheiro.com\/en\/author\/pinheiro\/\"}]}<\/script>\n<!-- \/ Yoast SEO Premium plugin. -->","yoast_head_json":{"title":"Neymar condenado a pagar m\u00e9dico que realizou o parto de seu filho","description":"Juiz: \u00e9 lament\u00e1vel que, decorridos mais de cinco anos da presta\u00e7\u00e3o dos servi\u00e7os, Neymar n\u00e3o tenha feito qualquer proposta firme para remunerar os m\u00e9dicos","robots":{"index":"index","follow":"follow","max-snippet":"max-snippet:-1","max-image-preview":"max-image-preview:large","max-video-preview":"max-video-preview:-1"},"canonical":"https:\/\/advocaciapinheiro.com\/en\/neymar-condenado-pagar-medico-parto-filho\/","og_locale":"pt_PT","og_type":"article","og_title":"Neymar condenado a pagar m\u00e9dico que realizou o parto de seu filho","og_description":"Juiz: \u00e9 lament\u00e1vel que, decorridos mais de cinco anos da presta\u00e7\u00e3o dos servi\u00e7os, Neymar n\u00e3o tenha feito qualquer proposta firme para remunerar os m\u00e9dicos","og_url":"https:\/\/advocaciapinheiro.com\/en\/neymar-condenado-pagar-medico-parto-filho\/","og_site_name":"Advocacia Portugal | Imigra\u00e7\u00e3o","article_publisher":"https:\/\/www.facebook.com\/AdvocaciaAmPinheiro","article_published_time":"2017-12-22T18:08:51+00:00","article_modified_time":"2018-12-06T19:54:44+00:00","og_image":[{"width":1017,"height":470,"url":"https:\/\/advocaciapinheiro.com\/en\/wp-content\/uploads\/2017\/12\/neymar-parto-filho.jpg","type":"image\/jpeg"}],"author":"Pinheiro","twitter_card":"summary_large_image","twitter_creator":"@sp_advogado","twitter_site":"@sp_advogado","twitter_misc":{"Escrito por":"Pinheiro","Tempo estimado de leitura":"4 minutos"},"schema":{"@context":"https:\/\/schema.org","@graph":[{"@type":"Article","@id":"https:\/\/advocaciapinheiro.com\/en\/neymar-condenado-pagar-medico-parto-filho\/#article","isPartOf":{"@id":"https:\/\/advocaciapinheiro.com\/en\/neymar-condenado-pagar-medico-parto-filho\/"},"author":{"name":"Pinheiro","@id":"https:\/\/advocaciapinheiro.com\/en\/#\/schema\/person\/b7cd817243740faca399f29054873fb8"},"headline":"Neymar condenado a pagar m\u00e9dico que realizou o parto de seu filho","datePublished":"2017-12-22T18:08:51+00:00","dateModified":"2018-12-06T19:54:44+00:00","mainEntityOfPage":{"@id":"https:\/\/advocaciapinheiro.com\/en\/neymar-condenado-pagar-medico-parto-filho\/"},"wordCount":799,"commentCount":0,"publisher":{"@id":"https:\/\/advocaciapinheiro.com\/en\/#organization"},"image":{"@id":"https:\/\/advocaciapinheiro.com\/en\/neymar-condenado-pagar-medico-parto-filho\/#primaryimage"},"thumbnailUrl":"https:\/\/advocaciapinheiro.com\/en\/wp-content\/uploads\/2017\/12\/neymar-parto-filho.jpg","keywords":["filho de neymar","m\u00e9dico Herbert Kramer","nascimento filho neymar","neymar filho","parto filho de neymar"],"articleSection":["Posts"],"inLanguage":"pt-PT","potentialAction":[{"@type":"CommentAction","name":"Comment","target":["https:\/\/advocaciapinheiro.com\/en\/neymar-condenado-pagar-medico-parto-filho\/#respond"]}]},{"@type":"WebPage","@id":"https:\/\/advocaciapinheiro.com\/en\/neymar-condenado-pagar-medico-parto-filho\/","url":"https:\/\/advocaciapinheiro.com\/en\/neymar-condenado-pagar-medico-parto-filho\/","name":"Neymar condenado a pagar m\u00e9dico que realizou o parto de seu filho","isPartOf":{"@id":"https:\/\/advocaciapinheiro.com\/en\/#website"},"primaryImageOfPage":{"@id":"https:\/\/advocaciapinheiro.com\/en\/neymar-condenado-pagar-medico-parto-filho\/#primaryimage"},"image":{"@id":"https:\/\/advocaciapinheiro.com\/en\/neymar-condenado-pagar-medico-parto-filho\/#primaryimage"},"thumbnailUrl":"https:\/\/advocaciapinheiro.com\/en\/wp-content\/uploads\/2017\/12\/neymar-parto-filho.jpg","datePublished":"2017-12-22T18:08:51+00:00","dateModified":"2018-12-06T19:54:44+00:00","description":"Juiz: \u00e9 lament\u00e1vel que, decorridos mais de cinco anos da presta\u00e7\u00e3o dos servi\u00e7os, Neymar n\u00e3o tenha feito qualquer proposta firme para remunerar os m\u00e9dicos","breadcrumb":{"@id":"https:\/\/advocaciapinheiro.com\/en\/neymar-condenado-pagar-medico-parto-filho\/#breadcrumb"},"inLanguage":"pt-PT","potentialAction":[{"@type":"ReadAction","target":["https:\/\/advocaciapinheiro.com\/en\/neymar-condenado-pagar-medico-parto-filho\/"]}]},{"@type":"ImageObject","inLanguage":"pt-PT","@id":"https:\/\/advocaciapinheiro.com\/en\/neymar-condenado-pagar-medico-parto-filho\/#primaryimage","url":"https:\/\/advocaciapinheiro.com\/en\/wp-content\/uploads\/2017\/12\/neymar-parto-filho.jpg","contentUrl":"https:\/\/advocaciapinheiro.com\/en\/wp-content\/uploads\/2017\/12\/neymar-parto-filho.jpg","width":1017,"height":470,"caption":"neymar-parto-filho"},{"@type":"BreadcrumbList","@id":"https:\/\/advocaciapinheiro.com\/en\/neymar-condenado-pagar-medico-parto-filho\/#breadcrumb","itemListElement":[{"@type":"ListItem","position":1,"name":"In\u00edcio","item":"https:\/\/advocaciapinheiro.com\/en\/"},{"@type":"ListItem","position":2,"name":"Neymar condenado a pagar m\u00e9dico que realizou o parto de seu filho"}]},{"@type":"WebSite","@id":"https:\/\/advocaciapinheiro.com\/en\/#website","url":"https:\/\/advocaciapinheiro.com\/en\/","name":"Advocacia Portugal | Imigra\u00e7\u00e3o","description":"Advogados | Imigra\u00e7\u00e3o | Portugal","publisher":{"@id":"https:\/\/advocaciapinheiro.com\/en\/#organization"},"potentialAction":[{"@type":"SearchAction","target":{"@type":"EntryPoint","urlTemplate":"https:\/\/advocaciapinheiro.com\/en\/?s={search_term_string}"},"query-input":{"@type":"PropertyValueSpecification","valueRequired":true,"valueName":"search_term_string"}}],"inLanguage":"pt-PT"},{"@type":"Organization","@id":"https:\/\/advocaciapinheiro.com\/en\/#organization","name":"Advocacia Portugal | Imigra\u00e7\u00e3o","url":"https:\/\/advocaciapinheiro.com\/en\/","logo":{"@type":"ImageObject","inLanguage":"pt-PT","@id":"https:\/\/advocaciapinheiro.com\/en\/#\/schema\/logo\/image\/","url":"https:\/\/advocaciapinheiro.com\/en\/wp-content\/uploads\/2024\/12\/advogado-cidadani-portugal-adriano-martins-pinheiro-logo.webp","contentUrl":"https:\/\/advocaciapinheiro.com\/en\/wp-content\/uploads\/2024\/12\/advogado-cidadani-portugal-adriano-martins-pinheiro-logo.webp","width":1600,"height":568,"caption":"Advocacia Portugal | Imigra\u00e7\u00e3o"},"image":{"@id":"https:\/\/advocaciapinheiro.com\/en\/#\/schema\/logo\/image\/"},"sameAs":["https:\/\/www.facebook.com\/AdvocaciaAmPinheiro","https:\/\/x.com\/sp_advogado","https:\/\/www.instagram.com\/advocaciabrasilportugal\/","https:\/\/www.facebook.com\/adrianomartinspinheiroadvocacia","https:\/\/www.youtube.com\/user\/PinheiroLAW"]},{"@type":"Person","@id":"https:\/\/advocaciapinheiro.com\/en\/#\/schema\/person\/b7cd817243740faca399f29054873fb8","name":"Pinheiro","image":{"@type":"ImageObject","inLanguage":"pt-PT","@id":"https:\/\/advocaciapinheiro.com\/en\/#\/schema\/person\/image\/","url":"https:\/\/secure.gravatar.com\/avatar\/f7c804b99a019b968ee9fc812457d64c?s=96&d=mm&r=g","contentUrl":"https:\/\/secure.gravatar.com\/avatar\/f7c804b99a019b968ee9fc812457d64c?s=96&d=mm&r=g","caption":"Pinheiro"},"sameAs":["https:\/\/advocaciapinheiro.com\/en"],"url":"https:\/\/advocaciapinheiro.com\/en\/author\/pinheiro\/"}]}},"_links":{"self":[{"href":"https:\/\/advocaciapinheiro.com\/en\/wp-json\/wp\/v2\/posts\/3652","targetHints":{"allow":["GET"]}}],"collection":[{"href":"https:\/\/advocaciapinheiro.com\/en\/wp-json\/wp\/v2\/posts"}],"about":[{"href":"https:\/\/advocaciapinheiro.com\/en\/wp-json\/wp\/v2\/types\/post"}],"author":[{"embeddable":true,"href":"https:\/\/advocaciapinheiro.com\/en\/wp-json\/wp\/v2\/users\/2"}],"replies":[{"embeddable":true,"href":"https:\/\/advocaciapinheiro.com\/en\/wp-json\/wp\/v2\/comments?post=3652"}],"version-history":[{"count":1,"href":"https:\/\/advocaciapinheiro.com\/en\/wp-json\/wp\/v2\/posts\/3652\/revisions"}],"predecessor-version":[{"id":4355,"href":"https:\/\/advocaciapinheiro.com\/en\/wp-json\/wp\/v2\/posts\/3652\/revisions\/4355"}],"wp:featuredmedia":[{"embeddable":true,"href":"https:\/\/advocaciapinheiro.com\/en\/wp-json\/wp\/v2\/media\/3653"}],"wp:attachment":[{"href":"https:\/\/advocaciapinheiro.com\/en\/wp-json\/wp\/v2\/media?parent=3652"}],"wp:term":[{"taxonomy":"category","embeddable":true,"href":"https:\/\/advocaciapinheiro.com\/en\/wp-json\/wp\/v2\/categories?post=3652"},{"taxonomy":"post_tag","embeddable":true,"href":"https:\/\/advocaciapinheiro.com\/en\/wp-json\/wp\/v2\/tags?post=3652"}],"curies":[{"name":"wp","href":"https:\/\/api.w.org\/{rel}","templated":true}]}}