{"id":3655,"date":"2017-12-27T10:07:45","date_gmt":"2017-12-27T13:07:45","guid":{"rendered":"http:\/\/advocaciapinheiro.adv.br\/?p=3655"},"modified":"2018-12-06T19:54:44","modified_gmt":"2018-12-06T19:54:44","slug":"estelionatario-cursos-teologia-sem-reconhecimento-mec","status":"publish","type":"post","link":"https:\/\/advocaciapinheiro.com\/en\/estelionatario-cursos-teologia-sem-reconhecimento-mec\/","title":{"rendered":"Estelionat\u00e1rio vendia cursos de teologia sem reconhecimento do MEC"},"content":{"rendered":"<div><strong>Caso:<\/strong><\/div>\n<div><\/div>\n<div>Um homem foi preso em raz\u00e3o de vender cursos de teologia, sem reconhecimento\/autoriza\u00e7\u00e3o do Minist\u00e9rio da Educa\u00e7\u00e3o e Cultura \u2013 MEC, fazendo diversas v\u00edtimas, que pensavam se tratar de um curso autorizado.<\/div>\n<div><\/div>\n<div>O acusado recorreu ao tribunal, por meio de\u00a0<em>habeas corpus<\/em>, requerendo sua liberdade, alegando que n\u00e3o sabia da irregularidade do curso, estando, assim, de boa-f\u00e9.<\/div>\n<div><\/div>\n<div>O Judici\u00e1rio constatou que, o Minist\u00e9rio da Educa\u00e7\u00e3o e Cultura \u2013 MEC recebeu diversas den\u00fancias contra a \u201cFaculdade de Teologia\u201d, dando conta de que esta\u00a0estaria oferecendo cursos superiores em diversas regi\u00f5es do Brasil, sem que houvesse autoriza\u00e7\u00e3o para tal.<\/div>\n<div><\/div>\n<div>O Tribunal n\u00e3o concedeu liberdade ao acusado, fundamentando que, os ind\u00edcios apontam para a ocorr\u00eancia de fraude (TRF 5\u00aa Regi\u00e3o \u2013\u00a0<em>Habeas Corpus<\/em>\u00a03670 &#8211; PB (2009.05.00.071018-5).<\/div>\n<div><\/div>\n<div><strong>Coment\u00e1rio<\/strong><\/div>\n<div><\/div>\n<div>A oferta de cursos de teologia de forma enganosa tem gerados diversos processos judiciais no Brasil.<\/div>\n<div><\/div>\n<div>In\u00fameros fals\u00e1rios est\u00e3o oferecendo cursos, como se fossem reconhecidos pelo Minist\u00e9rio da Educa\u00e7\u00e3o e Cultura &#8211; MEC, quando, na verdade, n\u00e3o o s\u00e3o.<\/div>\n<div><\/div>\n<div>Al\u00e9m de praticar o crime de estelionato, tais \u201cinstitui\u00e7\u00f5es de ensino\u201d tamb\u00e9m s\u00e3o condenadas a indenizar os alunos enganados, tanto a devolver o que receber, quanto ao pagamento de indeniza\u00e7\u00e3o por danos morais.<\/div>\n<div><\/div>\n<div>Basta uma r\u00e1pida pesquisa na internet, para encontrar centenas de an\u00fancios relativos a cursos teol\u00f3gicos. Como sempre ocorrem com as fraudes, os fals\u00e1rios oferecem facilidades incr\u00edveis, que, na verdade, s\u00e3o absurdos.<\/div>\n<div><\/div>\n<div>Chega a ser dif\u00edcil acreditar na exist\u00eancia de pessoas t\u00e3o ing\u00eanuas, a ponto de crer em um \u201ccurso superior\u201d (bacharel) em tr\u00eas meses ou menos, quando, na verdade, o curso de bacharelado tem a dura\u00e7\u00e3o de 4 (quatro) anos.<\/div>\n<div><\/div>\n<div>Por sua vez, o curso de mestrado, em m\u00e9dia, tem a dura\u00e7\u00e3o de 2 (dois) anos. O curso de doutorado, em m\u00e9dia 2 (dois) anos. Assim, no m\u00ednimo, o estudante investe n\u00e3o pouco tempo e dinheiro para alcan\u00e7ar tal t\u00edtulo.<\/div>\n<div><\/div>\n<div>Contudo, os fals\u00e1rios oferecem tudo isso em alguns meses. A facilidade de engar\u00a0conta\u00a0com a ansiedade e empolga\u00e7\u00e3o de leigos, que desejam ostentar um anel de formatura (bacharel de teologia) ou um t\u00edtulo de &#8220;doutor&#8221; (doutorado).<\/div>\n<div><\/div>\n<div>Como se n\u00e3o bastasse, tais \u201cfaculdades de teologia\u201d oferecem at\u00e9 falsos cursos de mestrado e doutorado, alegando serem reconhecidos pelo MEC.<\/div>\n<div><\/div>\n<div>Quando os alunos promovem a\u00e7\u00e3o judicial, as falsas faculdades defendem-se sob a alega\u00e7\u00e3o de que o aluno sabia, sim, tratar-se de um \u201ccurso livre\u201d, sem reconhecimento (convalida\u00e7\u00e3o) do MEC. N\u00e3o havendo prova do engano, n\u00e3o haver\u00e1 imputa\u00e7\u00e3o de crime ou indeniza\u00e7\u00e3o.<\/div>\n<div><\/div>\n<div>Em raz\u00e3o disso, recomenda-se que a v\u00edtima (consumidor) recolha todas as provas poss\u00edveis, imprimindo os an\u00fancios, guardando os folhetos de promo\u00e7\u00f5es, gravando conversas telef\u00f4nicas, e-mail\u2019s etc., caso queiram se precaver de eventuais preju\u00edzos.<\/div>\n<div><\/div>\n<div>O consumidor (aluno) que se sentir lesado, pode procurar os meios legais, como Procon, Juizado Especial C\u00edvel (\u201cpequenas causas) e Departamento de Pol\u00edcia de Prote\u00e7\u00e3o \u00e0 Cidadania \u2013 DPPC (\u201cDelegacia do Consumidor\u201d).<\/div>\n<div><\/div>\n<div>Por fim, recomenda-se que, o interessado ingresse, apenas, em institui\u00e7\u00f5es respeitadas no mercado.<\/div>\n<div><\/div>\n<div><strong><em>Adriano Martins Pinheiro \u00e9 advogado, articulista e palestrante em S\u00e3o Paulo<\/em><\/strong><\/div>\n","protected":false},"excerpt":{"rendered":"<p>Caso: Um homem foi preso em raz\u00e3o de vender cursos de teologia, sem reconhecimento\/autoriza\u00e7\u00e3o do Minist\u00e9rio da Educa\u00e7\u00e3o e Cultura \u2013 MEC, fazendo diversas v\u00edtimas, que pensavam se tratar de um curso autorizado. O acusado recorreu ao tribunal, por meio de\u00a0habeas corpus, requerendo sua liberdade, alegando que n\u00e3o sabia da irregularidade do curso, estando, assim, [&hellip;]<\/p>\n","protected":false},"author":2,"featured_media":3656,"comment_status":"open","ping_status":"open","sticky":false,"template":"","format":"standard","meta":{"footnotes":""},"categories":[2],"tags":[665,666,667],"class_list":["post-3655","post","type-post","status-publish","format-standard","has-post-thumbnail","hentry","category-posts","tag-estelionato-teologia","tag-reconhecimento-teologia-mec","tag-teologia-mec"],"yoast_head":"<!-- This site is optimized with the Yoast SEO Premium plugin v23.8 (Yoast SEO v24.1) - https:\/\/yoast.com\/wordpress\/plugins\/seo\/ -->\n<title>Estelionat\u00e1rio vendia cursos de teologia sem reconhecimento do MEC<\/title>\n<meta name=\"description\" content=\"Um homem foi preso em raz\u00e3o de vender cursos de teologia, sem reconhecimento\/autoriza\u00e7\u00e3o do Minist\u00e9rio da Educa\u00e7\u00e3o e Cultura \u2013 MEC\" \/>\n<meta name=\"robots\" content=\"index, follow, max-snippet:-1, max-image-preview:large, max-video-preview:-1\" \/>\n<link rel=\"canonical\" href=\"https:\/\/advocaciapinheiro.com\/en\/estelionatario-cursos-teologia-sem-reconhecimento-mec\/\" \/>\n<meta property=\"og:locale\" content=\"pt_PT\" \/>\n<meta property=\"og:type\" content=\"article\" \/>\n<meta property=\"og:title\" content=\"Estelionat\u00e1rio vendia cursos de teologia sem reconhecimento do MEC\" \/>\n<meta property=\"og:description\" content=\"Um homem foi preso em raz\u00e3o de vender cursos de teologia, sem reconhecimento\/autoriza\u00e7\u00e3o do Minist\u00e9rio da Educa\u00e7\u00e3o e Cultura \u2013 MEC\" \/>\n<meta property=\"og:url\" content=\"https:\/\/advocaciapinheiro.com\/en\/estelionatario-cursos-teologia-sem-reconhecimento-mec\/\" \/>\n<meta property=\"og:site_name\" content=\"Advocacia Portugal | Imigra\u00e7\u00e3o\" \/>\n<meta property=\"article:publisher\" content=\"https:\/\/www.facebook.com\/AdvocaciaAmPinheiro\" \/>\n<meta property=\"article:published_time\" content=\"2017-12-27T13:07:45+00:00\" \/>\n<meta property=\"article:modified_time\" content=\"2018-12-06T19:54:44+00:00\" \/>\n<meta property=\"og:image\" content=\"https:\/\/advocaciapinheiro.com\/en\/wp-content\/uploads\/2017\/12\/estelionato-teologia-mec.jpg\" \/>\n\t<meta property=\"og:image:width\" content=\"303\" \/>\n\t<meta property=\"og:image:height\" content=\"227\" \/>\n\t<meta property=\"og:image:type\" content=\"image\/jpeg\" \/>\n<meta name=\"author\" content=\"Pinheiro\" \/>\n<meta name=\"twitter:card\" content=\"summary_large_image\" \/>\n<meta name=\"twitter:creator\" content=\"@sp_advogado\" \/>\n<meta name=\"twitter:site\" content=\"@sp_advogado\" \/>\n<meta name=\"twitter:label1\" content=\"Escrito por\" \/>\n\t<meta name=\"twitter:data1\" content=\"Pinheiro\" \/>\n\t<meta name=\"twitter:label2\" content=\"Tempo estimado de leitura\" \/>\n\t<meta name=\"twitter:data2\" content=\"3 minutos\" \/>\n<script type=\"application\/ld+json\" class=\"yoast-schema-graph\">{\"@context\":\"https:\/\/schema.org\",\"@graph\":[{\"@type\":\"Article\",\"@id\":\"https:\/\/advocaciapinheiro.com\/en\/estelionatario-cursos-teologia-sem-reconhecimento-mec\/#article\",\"isPartOf\":{\"@id\":\"https:\/\/advocaciapinheiro.com\/en\/estelionatario-cursos-teologia-sem-reconhecimento-mec\/\"},\"author\":{\"name\":\"Pinheiro\",\"@id\":\"https:\/\/advocaciapinheiro.com\/en\/#\/schema\/person\/b7cd817243740faca399f29054873fb8\"},\"headline\":\"Estelionat\u00e1rio vendia cursos de teologia sem reconhecimento do MEC\",\"datePublished\":\"2017-12-27T13:07:45+00:00\",\"dateModified\":\"2018-12-06T19:54:44+00:00\",\"mainEntityOfPage\":{\"@id\":\"https:\/\/advocaciapinheiro.com\/en\/estelionatario-cursos-teologia-sem-reconhecimento-mec\/\"},\"wordCount\":568,\"commentCount\":0,\"publisher\":{\"@id\":\"https:\/\/advocaciapinheiro.com\/en\/#organization\"},\"image\":{\"@id\":\"https:\/\/advocaciapinheiro.com\/en\/estelionatario-cursos-teologia-sem-reconhecimento-mec\/#primaryimage\"},\"thumbnailUrl\":\"https:\/\/advocaciapinheiro.com\/en\/wp-content\/uploads\/2017\/12\/estelionato-teologia-mec.jpg\",\"keywords\":[\"estelionato teologia\",\"reconhecimento teologia mec\",\"teologia mec\"],\"articleSection\":[\"Posts\"],\"inLanguage\":\"pt-PT\",\"potentialAction\":[{\"@type\":\"CommentAction\",\"name\":\"Comment\",\"target\":[\"https:\/\/advocaciapinheiro.com\/en\/estelionatario-cursos-teologia-sem-reconhecimento-mec\/#respond\"]}]},{\"@type\":\"WebPage\",\"@id\":\"https:\/\/advocaciapinheiro.com\/en\/estelionatario-cursos-teologia-sem-reconhecimento-mec\/\",\"url\":\"https:\/\/advocaciapinheiro.com\/en\/estelionatario-cursos-teologia-sem-reconhecimento-mec\/\",\"name\":\"Estelionat\u00e1rio vendia cursos de teologia sem reconhecimento do MEC\",\"isPartOf\":{\"@id\":\"https:\/\/advocaciapinheiro.com\/en\/#website\"},\"primaryImageOfPage\":{\"@id\":\"https:\/\/advocaciapinheiro.com\/en\/estelionatario-cursos-teologia-sem-reconhecimento-mec\/#primaryimage\"},\"image\":{\"@id\":\"https:\/\/advocaciapinheiro.com\/en\/estelionatario-cursos-teologia-sem-reconhecimento-mec\/#primaryimage\"},\"thumbnailUrl\":\"https:\/\/advocaciapinheiro.com\/en\/wp-content\/uploads\/2017\/12\/estelionato-teologia-mec.jpg\",\"datePublished\":\"2017-12-27T13:07:45+00:00\",\"dateModified\":\"2018-12-06T19:54:44+00:00\",\"description\":\"Um homem foi preso em raz\u00e3o de vender cursos de teologia, sem reconhecimento\/autoriza\u00e7\u00e3o do Minist\u00e9rio da Educa\u00e7\u00e3o e Cultura \u2013 MEC\",\"breadcrumb\":{\"@id\":\"https:\/\/advocaciapinheiro.com\/en\/estelionatario-cursos-teologia-sem-reconhecimento-mec\/#breadcrumb\"},\"inLanguage\":\"pt-PT\",\"potentialAction\":[{\"@type\":\"ReadAction\",\"target\":[\"https:\/\/advocaciapinheiro.com\/en\/estelionatario-cursos-teologia-sem-reconhecimento-mec\/\"]}]},{\"@type\":\"ImageObject\",\"inLanguage\":\"pt-PT\",\"@id\":\"https:\/\/advocaciapinheiro.com\/en\/estelionatario-cursos-teologia-sem-reconhecimento-mec\/#primaryimage\",\"url\":\"https:\/\/advocaciapinheiro.com\/en\/wp-content\/uploads\/2017\/12\/estelionato-teologia-mec.jpg\",\"contentUrl\":\"https:\/\/advocaciapinheiro.com\/en\/wp-content\/uploads\/2017\/12\/estelionato-teologia-mec.jpg\",\"width\":303,\"height\":227,\"caption\":\"estelionato-teologia-mec\"},{\"@type\":\"BreadcrumbList\",\"@id\":\"https:\/\/advocaciapinheiro.com\/en\/estelionatario-cursos-teologia-sem-reconhecimento-mec\/#breadcrumb\",\"itemListElement\":[{\"@type\":\"ListItem\",\"position\":1,\"name\":\"In\u00edcio\",\"item\":\"https:\/\/advocaciapinheiro.com\/en\/\"},{\"@type\":\"ListItem\",\"position\":2,\"name\":\"Estelionat\u00e1rio vendia cursos de teologia sem reconhecimento do MEC\"}]},{\"@type\":\"WebSite\",\"@id\":\"https:\/\/advocaciapinheiro.com\/en\/#website\",\"url\":\"https:\/\/advocaciapinheiro.com\/en\/\",\"name\":\"Advocacia Portugal | Imigra\u00e7\u00e3o\",\"description\":\"Advogados | Imigra\u00e7\u00e3o | Portugal\",\"publisher\":{\"@id\":\"https:\/\/advocaciapinheiro.com\/en\/#organization\"},\"potentialAction\":[{\"@type\":\"SearchAction\",\"target\":{\"@type\":\"EntryPoint\",\"urlTemplate\":\"https:\/\/advocaciapinheiro.com\/en\/?s={search_term_string}\"},\"query-input\":{\"@type\":\"PropertyValueSpecification\",\"valueRequired\":true,\"valueName\":\"search_term_string\"}}],\"inLanguage\":\"pt-PT\"},{\"@type\":\"Organization\",\"@id\":\"https:\/\/advocaciapinheiro.com\/en\/#organization\",\"name\":\"Advocacia Portugal | Imigra\u00e7\u00e3o\",\"url\":\"https:\/\/advocaciapinheiro.com\/en\/\",\"logo\":{\"@type\":\"ImageObject\",\"inLanguage\":\"pt-PT\",\"@id\":\"https:\/\/advocaciapinheiro.com\/en\/#\/schema\/logo\/image\/\",\"url\":\"https:\/\/advocaciapinheiro.com\/en\/wp-content\/uploads\/2024\/12\/advogado-cidadani-portugal-adriano-martins-pinheiro-logo.webp\",\"contentUrl\":\"https:\/\/advocaciapinheiro.com\/en\/wp-content\/uploads\/2024\/12\/advogado-cidadani-portugal-adriano-martins-pinheiro-logo.webp\",\"width\":1600,\"height\":568,\"caption\":\"Advocacia Portugal | Imigra\u00e7\u00e3o\"},\"image\":{\"@id\":\"https:\/\/advocaciapinheiro.com\/en\/#\/schema\/logo\/image\/\"},\"sameAs\":[\"https:\/\/www.facebook.com\/AdvocaciaAmPinheiro\",\"https:\/\/x.com\/sp_advogado\",\"https:\/\/www.instagram.com\/advocaciabrasilportugal\/\",\"https:\/\/www.facebook.com\/adrianomartinspinheiroadvocacia\",\"https:\/\/www.youtube.com\/user\/PinheiroLAW\"]},{\"@type\":\"Person\",\"@id\":\"https:\/\/advocaciapinheiro.com\/en\/#\/schema\/person\/b7cd817243740faca399f29054873fb8\",\"name\":\"Pinheiro\",\"image\":{\"@type\":\"ImageObject\",\"inLanguage\":\"pt-PT\",\"@id\":\"https:\/\/advocaciapinheiro.com\/en\/#\/schema\/person\/image\/\",\"url\":\"https:\/\/secure.gravatar.com\/avatar\/f7c804b99a019b968ee9fc812457d64c?s=96&d=mm&r=g\",\"contentUrl\":\"https:\/\/secure.gravatar.com\/avatar\/f7c804b99a019b968ee9fc812457d64c?s=96&d=mm&r=g\",\"caption\":\"Pinheiro\"},\"sameAs\":[\"https:\/\/advocaciapinheiro.com\/en\"],\"url\":\"https:\/\/advocaciapinheiro.com\/en\/author\/pinheiro\/\"}]}<\/script>\n<!-- \/ Yoast SEO Premium plugin. -->","yoast_head_json":{"title":"Estelionat\u00e1rio vendia cursos de teologia sem reconhecimento do MEC","description":"Um homem foi preso em raz\u00e3o de vender cursos de teologia, sem reconhecimento\/autoriza\u00e7\u00e3o do Minist\u00e9rio da Educa\u00e7\u00e3o e Cultura \u2013 MEC","robots":{"index":"index","follow":"follow","max-snippet":"max-snippet:-1","max-image-preview":"max-image-preview:large","max-video-preview":"max-video-preview:-1"},"canonical":"https:\/\/advocaciapinheiro.com\/en\/estelionatario-cursos-teologia-sem-reconhecimento-mec\/","og_locale":"pt_PT","og_type":"article","og_title":"Estelionat\u00e1rio vendia cursos de teologia sem reconhecimento do MEC","og_description":"Um homem foi preso em raz\u00e3o de vender cursos de teologia, sem reconhecimento\/autoriza\u00e7\u00e3o do Minist\u00e9rio da Educa\u00e7\u00e3o e Cultura \u2013 MEC","og_url":"https:\/\/advocaciapinheiro.com\/en\/estelionatario-cursos-teologia-sem-reconhecimento-mec\/","og_site_name":"Advocacia Portugal | Imigra\u00e7\u00e3o","article_publisher":"https:\/\/www.facebook.com\/AdvocaciaAmPinheiro","article_published_time":"2017-12-27T13:07:45+00:00","article_modified_time":"2018-12-06T19:54:44+00:00","og_image":[{"width":303,"height":227,"url":"https:\/\/advocaciapinheiro.com\/en\/wp-content\/uploads\/2017\/12\/estelionato-teologia-mec.jpg","type":"image\/jpeg"}],"author":"Pinheiro","twitter_card":"summary_large_image","twitter_creator":"@sp_advogado","twitter_site":"@sp_advogado","twitter_misc":{"Escrito por":"Pinheiro","Tempo estimado de leitura":"3 minutos"},"schema":{"@context":"https:\/\/schema.org","@graph":[{"@type":"Article","@id":"https:\/\/advocaciapinheiro.com\/en\/estelionatario-cursos-teologia-sem-reconhecimento-mec\/#article","isPartOf":{"@id":"https:\/\/advocaciapinheiro.com\/en\/estelionatario-cursos-teologia-sem-reconhecimento-mec\/"},"author":{"name":"Pinheiro","@id":"https:\/\/advocaciapinheiro.com\/en\/#\/schema\/person\/b7cd817243740faca399f29054873fb8"},"headline":"Estelionat\u00e1rio vendia cursos de teologia sem reconhecimento do MEC","datePublished":"2017-12-27T13:07:45+00:00","dateModified":"2018-12-06T19:54:44+00:00","mainEntityOfPage":{"@id":"https:\/\/advocaciapinheiro.com\/en\/estelionatario-cursos-teologia-sem-reconhecimento-mec\/"},"wordCount":568,"commentCount":0,"publisher":{"@id":"https:\/\/advocaciapinheiro.com\/en\/#organization"},"image":{"@id":"https:\/\/advocaciapinheiro.com\/en\/estelionatario-cursos-teologia-sem-reconhecimento-mec\/#primaryimage"},"thumbnailUrl":"https:\/\/advocaciapinheiro.com\/en\/wp-content\/uploads\/2017\/12\/estelionato-teologia-mec.jpg","keywords":["estelionato teologia","reconhecimento teologia mec","teologia mec"],"articleSection":["Posts"],"inLanguage":"pt-PT","potentialAction":[{"@type":"CommentAction","name":"Comment","target":["https:\/\/advocaciapinheiro.com\/en\/estelionatario-cursos-teologia-sem-reconhecimento-mec\/#respond"]}]},{"@type":"WebPage","@id":"https:\/\/advocaciapinheiro.com\/en\/estelionatario-cursos-teologia-sem-reconhecimento-mec\/","url":"https:\/\/advocaciapinheiro.com\/en\/estelionatario-cursos-teologia-sem-reconhecimento-mec\/","name":"Estelionat\u00e1rio vendia cursos de teologia sem reconhecimento do MEC","isPartOf":{"@id":"https:\/\/advocaciapinheiro.com\/en\/#website"},"primaryImageOfPage":{"@id":"https:\/\/advocaciapinheiro.com\/en\/estelionatario-cursos-teologia-sem-reconhecimento-mec\/#primaryimage"},"image":{"@id":"https:\/\/advocaciapinheiro.com\/en\/estelionatario-cursos-teologia-sem-reconhecimento-mec\/#primaryimage"},"thumbnailUrl":"https:\/\/advocaciapinheiro.com\/en\/wp-content\/uploads\/2017\/12\/estelionato-teologia-mec.jpg","datePublished":"2017-12-27T13:07:45+00:00","dateModified":"2018-12-06T19:54:44+00:00","description":"Um homem foi preso em raz\u00e3o de vender cursos de teologia, sem reconhecimento\/autoriza\u00e7\u00e3o do Minist\u00e9rio da Educa\u00e7\u00e3o e Cultura \u2013 MEC","breadcrumb":{"@id":"https:\/\/advocaciapinheiro.com\/en\/estelionatario-cursos-teologia-sem-reconhecimento-mec\/#breadcrumb"},"inLanguage":"pt-PT","potentialAction":[{"@type":"ReadAction","target":["https:\/\/advocaciapinheiro.com\/en\/estelionatario-cursos-teologia-sem-reconhecimento-mec\/"]}]},{"@type":"ImageObject","inLanguage":"pt-PT","@id":"https:\/\/advocaciapinheiro.com\/en\/estelionatario-cursos-teologia-sem-reconhecimento-mec\/#primaryimage","url":"https:\/\/advocaciapinheiro.com\/en\/wp-content\/uploads\/2017\/12\/estelionato-teologia-mec.jpg","contentUrl":"https:\/\/advocaciapinheiro.com\/en\/wp-content\/uploads\/2017\/12\/estelionato-teologia-mec.jpg","width":303,"height":227,"caption":"estelionato-teologia-mec"},{"@type":"BreadcrumbList","@id":"https:\/\/advocaciapinheiro.com\/en\/estelionatario-cursos-teologia-sem-reconhecimento-mec\/#breadcrumb","itemListElement":[{"@type":"ListItem","position":1,"name":"In\u00edcio","item":"https:\/\/advocaciapinheiro.com\/en\/"},{"@type":"ListItem","position":2,"name":"Estelionat\u00e1rio vendia cursos de teologia sem reconhecimento do MEC"}]},{"@type":"WebSite","@id":"https:\/\/advocaciapinheiro.com\/en\/#website","url":"https:\/\/advocaciapinheiro.com\/en\/","name":"Advocacia Portugal | Imigra\u00e7\u00e3o","description":"Advogados | Imigra\u00e7\u00e3o | Portugal","publisher":{"@id":"https:\/\/advocaciapinheiro.com\/en\/#organization"},"potentialAction":[{"@type":"SearchAction","target":{"@type":"EntryPoint","urlTemplate":"https:\/\/advocaciapinheiro.com\/en\/?s={search_term_string}"},"query-input":{"@type":"PropertyValueSpecification","valueRequired":true,"valueName":"search_term_string"}}],"inLanguage":"pt-PT"},{"@type":"Organization","@id":"https:\/\/advocaciapinheiro.com\/en\/#organization","name":"Advocacia Portugal | Imigra\u00e7\u00e3o","url":"https:\/\/advocaciapinheiro.com\/en\/","logo":{"@type":"ImageObject","inLanguage":"pt-PT","@id":"https:\/\/advocaciapinheiro.com\/en\/#\/schema\/logo\/image\/","url":"https:\/\/advocaciapinheiro.com\/en\/wp-content\/uploads\/2024\/12\/advogado-cidadani-portugal-adriano-martins-pinheiro-logo.webp","contentUrl":"https:\/\/advocaciapinheiro.com\/en\/wp-content\/uploads\/2024\/12\/advogado-cidadani-portugal-adriano-martins-pinheiro-logo.webp","width":1600,"height":568,"caption":"Advocacia Portugal | Imigra\u00e7\u00e3o"},"image":{"@id":"https:\/\/advocaciapinheiro.com\/en\/#\/schema\/logo\/image\/"},"sameAs":["https:\/\/www.facebook.com\/AdvocaciaAmPinheiro","https:\/\/x.com\/sp_advogado","https:\/\/www.instagram.com\/advocaciabrasilportugal\/","https:\/\/www.facebook.com\/adrianomartinspinheiroadvocacia","https:\/\/www.youtube.com\/user\/PinheiroLAW"]},{"@type":"Person","@id":"https:\/\/advocaciapinheiro.com\/en\/#\/schema\/person\/b7cd817243740faca399f29054873fb8","name":"Pinheiro","image":{"@type":"ImageObject","inLanguage":"pt-PT","@id":"https:\/\/advocaciapinheiro.com\/en\/#\/schema\/person\/image\/","url":"https:\/\/secure.gravatar.com\/avatar\/f7c804b99a019b968ee9fc812457d64c?s=96&d=mm&r=g","contentUrl":"https:\/\/secure.gravatar.com\/avatar\/f7c804b99a019b968ee9fc812457d64c?s=96&d=mm&r=g","caption":"Pinheiro"},"sameAs":["https:\/\/advocaciapinheiro.com\/en"],"url":"https:\/\/advocaciapinheiro.com\/en\/author\/pinheiro\/"}]}},"_links":{"self":[{"href":"https:\/\/advocaciapinheiro.com\/en\/wp-json\/wp\/v2\/posts\/3655","targetHints":{"allow":["GET"]}}],"collection":[{"href":"https:\/\/advocaciapinheiro.com\/en\/wp-json\/wp\/v2\/posts"}],"about":[{"href":"https:\/\/advocaciapinheiro.com\/en\/wp-json\/wp\/v2\/types\/post"}],"author":[{"embeddable":true,"href":"https:\/\/advocaciapinheiro.com\/en\/wp-json\/wp\/v2\/users\/2"}],"replies":[{"embeddable":true,"href":"https:\/\/advocaciapinheiro.com\/en\/wp-json\/wp\/v2\/comments?post=3655"}],"version-history":[{"count":2,"href":"https:\/\/advocaciapinheiro.com\/en\/wp-json\/wp\/v2\/posts\/3655\/revisions"}],"predecessor-version":[{"id":5275,"href":"https:\/\/advocaciapinheiro.com\/en\/wp-json\/wp\/v2\/posts\/3655\/revisions\/5275"}],"wp:featuredmedia":[{"embeddable":true,"href":"https:\/\/advocaciapinheiro.com\/en\/wp-json\/wp\/v2\/media\/3656"}],"wp:attachment":[{"href":"https:\/\/advocaciapinheiro.com\/en\/wp-json\/wp\/v2\/media?parent=3655"}],"wp:term":[{"taxonomy":"category","embeddable":true,"href":"https:\/\/advocaciapinheiro.com\/en\/wp-json\/wp\/v2\/categories?post=3655"},{"taxonomy":"post_tag","embeddable":true,"href":"https:\/\/advocaciapinheiro.com\/en\/wp-json\/wp\/v2\/tags?post=3655"}],"curies":[{"name":"wp","href":"https:\/\/api.w.org\/{rel}","templated":true}]}}